{"id":61267,"date":"2023-10-23T08:26:41","date_gmt":"2023-10-23T13:26:41","guid":{"rendered":"http:\/\/www.zonaroja.com.mx\/?p=61267"},"modified":"2023-10-23T08:26:44","modified_gmt":"2023-10-23T13:26:44","slug":"titular-de-la-sict-supervisa-de-nuevo-supercarrtera-a-la-costa","status":"publish","type":"post","link":"https:\/\/zonaroja.com.mx\/?p=61267","title":{"rendered":"Titular de la SICT supervisa de nuevo supercarrtera a la Costa"},"content":{"rendered":"\n<p>Redacci\u00f3n\/Zona Roja Cdmx.<\/p>\n\n\n\n<p>Ciudad de M\u00e9xico, a 23 de octubre de 2023.- El secretario de Infraestructura, Comunicaciones y Transportes (SICT), Jorge Nu\u00f1o Lara, supervis\u00f3 nuevamente las obras de la autopista Barranca Larga-Ventanilla, tan complicada y esperada por los oaxaque\u00f1os desde hace 14 a\u00f1os que acercar\u00e1 a la capital de ese estado<\/p>\n\n\n\n<p>con Puerto Escondido al aproximarse el d\u00eda en que sea inaugurada.<\/p>\n\n\n\n<p>El proyecto inici\u00f3 en 2009, pero por largo tiempo qued\u00f3 suspendido. Esta administraci\u00f3n tom\u00f3 la determinaci\u00f3n de concluirlo al reiniciar los<\/p>\n\n\n\n<p>trabajos en 2019.<\/p>\n\n\n\n<p>La autopista Barranca Larga-Ventanilla, obra que se realiza con inversi\u00f3n de 10,670 mdp y beneficiar\u00e1 a 116,000 habitantes, impulsar\u00e1 el crecimiento econ\u00f3mico y el bienestar social de las comunidades de la regi\u00f3n.&nbsp;<\/p>\n\n\n\n<p>La vialidad disminuir\u00e1 en 3 horas el tiempo de recorrido de la capital del estado a Puerto Escondido, lo que permitir\u00e1 acercar servicios de educaci\u00f3n y salud, adem\u00e1s de contribuir a mejorar la movilidad, seguridad y calidad de vida de los habitantes.<\/p>\n\n\n\n<p>Permitir\u00e1, asimismo, elevar el n\u00famero de turistas que recibe la regi\u00f3n, lo cual se traducir\u00e1 en m\u00e1s inversi\u00f3n productiva, crecimiento econ\u00f3mico, y m\u00e1s y mejores empleos.<\/p>\n\n\n\n<p>La autopista Barranca Larga-Ventanilla, de 2 carriles, constar\u00e1 de 10 puentes, 3 t\u00faneles, 2 viaductos, 15 entronques, 2 plazas de cobro, 114 cruces y 5 rampas de frenado, con lo cual acortar\u00e1 distancias significativas entre la ciudad de Oaxaca y la Costa del Pac\u00edfico.<\/p>\n\n\n\n<p>Se estima un tr\u00e1nsito diario promedio anual de 4,253 veh\u00edculos que podr\u00e1n circular a velocidades de entre 90 a 110 km por hora. La obra generar\u00e1 1,800 empleos directos y 3,500 indirectos.<\/p>\n\n\n\n<figure class=\"wp-block-embed\"><div class=\"wp-block-embed__wrapper\">\nhttps:\/\/x.com\/SICTmx\/status\/1716250693684854829?s=20\n<\/div><\/figure>\n\n\n\n<p>En su gira de trabajo, Nu\u00f1o Lara, acompa\u00f1ado de los subsecretarios de Infraestructura, Jes\u00fas Felipe Verdugo, y de Transporte, Rogelio Jim\u00e9nez Pons, constat\u00f3 tambi\u00e9n, las obras de modernizaci\u00f3n del Aeropuerto Internacional de Puerto Escondido donde se invierten 2,748 millones de pesos (mdp) para incrementar su capacidad y recibir Certificado de Aer\u00f3dromo.<\/p>\n\n\n\n<p>El titular de la SICT fue informado de las acciones que permitir\u00e1n coadyuvar con los objetivos del Gobierno Federal de impulsar la regi\u00f3n sur del Estado de Oaxaca e incrementar la actividad tur\u00edstica, al facilitar la llegada a Puerto Escondido.<\/p>\n\n\n\n<p>As\u00ed como reevaluar su potencial como un destino tur\u00edstico en ascenso creando nuevos escenarios que proyecten la demanda y vuelos internacionales como un aer\u00f3dromo certificado.<\/p>\n\n\n\n<p>Adem\u00e1s de garantizar un enfoque de seguridad, funcionalidad, confiabilidad, protecci\u00f3n al medio ambiente, rentabilidad, comodidad y calidad en el servicio para usuarios, cumpliendo con est\u00e1ndares internacionales.<\/p>\n\n\n\n<p>Al recibir el Aeropuerto Internacional de Puerto Escondido Certificado de Aer\u00f3dromo, significa refrendar su seguridad con una eficiente operaci\u00f3n, tanto en \u201clado tierra\u201d como en \u201clado aire\u201d y responder a la creciente demanda de pasajeros: en 2022 moviliz\u00f3 730,000 y al cierre de 2023 espera atender 900,000, tendencia que se demuestra con las cifras de 675,000 en septiembre del presente a\u00f1o.<\/p>\n\n\n\n<p>En un escenario en que se vislumbra que para 2027 movilizar\u00e1 a 1.3 millones de usuarios anuales, con una meta de 1.8 millones para 2032 y 2.5 millones para 2037.<\/p>\n\n\n\n<p>En ese objetivo, se han emprendido diversas acciones de ampliaci\u00f3n en el aeropuerto de Puerto Escondido. Ya se concluy\u00f3 el Plan Maestro; la ampliaci\u00f3n de plataforma general y la reconfiguraci\u00f3n de la plataforma de aviaci\u00f3n comercial. Est\u00e1n en proceso la nueva terminal de pasajeros de 17,000 metros cuadrados para atender 1,200 pasajeros en hora punta; estacionamiento y vialidad de acceso.<\/p>\n\n\n\n<p>Al mismo tiempo, se tienen otras por iniciar: rehabilitaci\u00f3n de 120,000 metros cuadrados de pavimento en pista, calles de rodaje y plataforma de aviaci\u00f3n comercial; construcci\u00f3n de nueva plataforma de aviaci\u00f3n comercial con capacidad para 10 posiciones; construcci\u00f3n del Edificio de Salvamento y Extinci\u00f3n de Incendios; remodelaci\u00f3n y ampliaci\u00f3n de la infraestructura existente; e instalaci\u00f3n de equipo aeroportuario para hacer eficiente la operaci\u00f3n y seguridad del aeropuerto.<\/p>\n","protected":false},"excerpt":{"rendered":"<p>Redacci\u00f3n\/Zona Roja Cdmx. Ciudad de M\u00e9xico, a 23 de octubre de 2023.- El secretario de&hellip;<\/p>\n","protected":false},"author":2,"featured_media":61269,"comment_status":"closed","ping_status":"open","sticky":false,"template":"","format":"standard","meta":{"_lmt_disableupdate":"","_lmt_disable":"","_jetpack_memberships_contains_paid_content":false,"footnotes":""},"categories":[109,46],"tags":[3639],"class_list":["post-61267","post","type-post","status-publish","format-standard","has-post-thumbnail","hentry","category-minuto-a-minuto","category-zona-blanca","tag-supercarretera-oaxaca-costa"],"jetpack_featured_media_url":"https:\/\/zonaroja.com.mx\/wp-content\/uploads\/2023\/10\/Supercarretra-Oaxaca-Costa-1.jpeg","jetpack_sharing_enabled":true,"_links":{"self":[{"href":"https:\/\/zonaroja.com.mx\/index.php?rest_route=\/wp\/v2\/posts\/61267","targetHints":{"allow":["GET"]}}],"collection":[{"href":"https:\/\/zonaroja.com.mx\/index.php?rest_route=\/wp\/v2\/posts"}],"about":[{"href":"https:\/\/zonaroja.com.mx\/index.php?rest_route=\/wp\/v2\/types\/post"}],"author":[{"embeddable":true,"href":"https:\/\/zonaroja.com.mx\/index.php?rest_route=\/wp\/v2\/users\/2"}],"replies":[{"embeddable":true,"href":"https:\/\/zonaroja.com.mx\/index.php?rest_route=%2Fwp%2Fv2%2Fcomments&post=61267"}],"version-history":[{"count":1,"href":"https:\/\/zonaroja.com.mx\/index.php?rest_route=\/wp\/v2\/posts\/61267\/revisions"}],"predecessor-version":[{"id":61270,"href":"https:\/\/zonaroja.com.mx\/index.php?rest_route=\/wp\/v2\/posts\/61267\/revisions\/61270"}],"wp:featuredmedia":[{"embeddable":true,"href":"https:\/\/zonaroja.com.mx\/index.php?rest_route=\/wp\/v2\/media\/61269"}],"wp:attachment":[{"href":"https:\/\/zonaroja.com.mx\/index.php?rest_route=%2Fwp%2Fv2%2Fmedia&parent=61267"}],"wp:term":[{"taxonomy":"category","embeddable":true,"href":"https:\/\/zonaroja.com.mx\/index.php?rest_route=%2Fwp%2Fv2%2Fcategories&post=61267"},{"taxonomy":"post_tag","embeddable":true,"href":"https:\/\/zonaroja.com.mx\/index.php?rest_route=%2Fwp%2Fv2%2Ftags&post=61267"}],"curies":[{"name":"wp","href":"https:\/\/api.w.org\/{rel}","templated":true}]}}