{"id":6127,"date":"2019-11-27T09:38:34","date_gmt":"2019-11-27T15:38:34","guid":{"rendered":"http:\/\/www.zonaroja.com.mx\/?p=6127"},"modified":"2019-11-27T09:38:37","modified_gmt":"2019-11-27T15:38:37","slug":"libro-de-amlo-no-tiene-casi-nada-de-economia-y-es-extrano-ex-titular-de-shcp","status":"publish","type":"post","link":"https:\/\/zonaroja.com.mx\/?p=6127","title":{"rendered":"Libro de AMLO \u2018no tiene casi nada\u2019 de econom\u00eda y es extra\u00f1o: ex titular de SHCP"},"content":{"rendered":"\n<p>Redacci\u00f3n\/Zona Roja.<\/p>\n\n\n\n<p>Ciudad de M\u00e9xico, 27 de noviembre de\n2019.- El exsecretario de Hacienda y Cr\u00e9dito P\u00fablico del pa\u00eds, Urz\u00faa&nbsp;Carlos\nUrz\u00faa, critic\u00f3 ayer el nuevo libro del presidente Andr\u00e9s Manuel L\u00f3pez Obrador\ntitulado \u201cHacia una econom\u00eda moral\u201d.&nbsp;<\/p>\n\n\n\n<p>\u201cAs\u00ed como el t\u00edtulo es extra\u00f1o, su\ncontenido tambi\u00e9n lo es. Por un lado, de econom\u00eda no tiene casi nada, excepto\npor datos, sobre todo sociodemogr\u00e1ficos antes que econ\u00f3micos, regados por aqu\u00ed\ny por all\u00e1. <\/p>\n\n\n\n<p>\u201cPor el otro, de tratado moral tiene menos,\npor lo que supongo que el t\u00edtulo del libro debe mucho al empleado por Alfonso\nReyes en su Cartilla moral\u201d, escribi\u00f3 Urz\u00faa en su columna en el diario \u201cEl Universal\u201d.&nbsp;&nbsp;<\/p>\n\n\n\n<p>De acuerdo con el exsecretario de\nHacienda y actual profesor del Tecnol\u00f3gico de Monterrey, el libro es una\nversi\u00f3n corregida y aumentada del manifiesto pol\u00edtico del presidente.&nbsp;<\/p>\n\n\n\n<p>\u201cEl libro es, en el fondo, una versi\u00f3n\ncorregida y aumentada del manifiesto pol\u00edtico que el presidente L\u00f3pez Obrador\nlogr\u00f3 que aprobara la C\u00e1mara de Diputados como Plan Nacional de Desarrollo\n(PND)\u201d, destac\u00f3 Urz\u00faa.&nbsp;<\/p>\n\n\n\n<p>El exfuncionario expuso que \u201cen su\ncr\u00edtica a lo que \u00e9l llama el periodo neoliberal, el comprendido entre 1983 y\n2018, el villano favorito es, por supuesto, Carlos Salinas de Gortari. Que en\nla administraci\u00f3n salinista se cometieron errores garrafales, nadie lo duda. <\/p>\n\n\n\n<p>\u201cNo solamente el proceso de\nprivatizaci\u00f3n seguido entonces estuvo viciado de origen, sino que las pol\u00edticas\nfiscales, monetarias y cambiarias fueron tambi\u00e9n incorrectas. Pero L\u00f3pez\nObrador centra toda su cr\u00edtica en las privatizaciones, ya que, arguye, \u00e9stas\nbeneficiaron a tan solo un pu\u00f1ado de potentados (entre ellos algunos cercanos\nhoy a \u00e9l)\u201d, remat\u00f3.<\/p>\n","protected":false},"excerpt":{"rendered":"<p>Redacci\u00f3n\/Zona Roja. Ciudad de M\u00e9xico, 27 de noviembre de 2019.- El exsecretario de Hacienda y&hellip;<\/p>\n","protected":false},"author":2,"featured_media":6128,"comment_status":"closed","ping_status":"open","sticky":false,"template":"","format":"standard","meta":{"_lmt_disableupdate":"","_lmt_disable":"","_jetpack_memberships_contains_paid_content":false,"footnotes":""},"categories":[109,47],"tags":[1063,143],"class_list":["post-6127","post","type-post","status-publish","format-standard","has-post-thumbnail","hentry","category-minuto-a-minuto","category-zona-gris","tag-hacia-una-economia-moral","tag-andres-manuel-lopez-obrador"],"jetpack_featured_media_url":"https:\/\/zonaroja.com.mx\/wp-content\/uploads\/2019\/11\/Libro-AMLO.jpg","jetpack_sharing_enabled":true,"_links":{"self":[{"href":"https:\/\/zonaroja.com.mx\/index.php?rest_route=\/wp\/v2\/posts\/6127","targetHints":{"allow":["GET"]}}],"collection":[{"href":"https:\/\/zonaroja.com.mx\/index.php?rest_route=\/wp\/v2\/posts"}],"about":[{"href":"https:\/\/zonaroja.com.mx\/index.php?rest_route=\/wp\/v2\/types\/post"}],"author":[{"embeddable":true,"href":"https:\/\/zonaroja.com.mx\/index.php?rest_route=\/wp\/v2\/users\/2"}],"replies":[{"embeddable":true,"href":"https:\/\/zonaroja.com.mx\/index.php?rest_route=%2Fwp%2Fv2%2Fcomments&post=6127"}],"version-history":[{"count":1,"href":"https:\/\/zonaroja.com.mx\/index.php?rest_route=\/wp\/v2\/posts\/6127\/revisions"}],"predecessor-version":[{"id":6129,"href":"https:\/\/zonaroja.com.mx\/index.php?rest_route=\/wp\/v2\/posts\/6127\/revisions\/6129"}],"wp:featuredmedia":[{"embeddable":true,"href":"https:\/\/zonaroja.com.mx\/index.php?rest_route=\/wp\/v2\/media\/6128"}],"wp:attachment":[{"href":"https:\/\/zonaroja.com.mx\/index.php?rest_route=%2Fwp%2Fv2%2Fmedia&parent=6127"}],"wp:term":[{"taxonomy":"category","embeddable":true,"href":"https:\/\/zonaroja.com.mx\/index.php?rest_route=%2Fwp%2Fv2%2Fcategories&post=6127"},{"taxonomy":"post_tag","embeddable":true,"href":"https:\/\/zonaroja.com.mx\/index.php?rest_route=%2Fwp%2Fv2%2Ftags&post=6127"}],"curies":[{"name":"wp","href":"https:\/\/api.w.org\/{rel}","templated":true}]}}