{"id":61271,"date":"2023-10-23T08:32:30","date_gmt":"2023-10-23T13:32:30","guid":{"rendered":"http:\/\/www.zonaroja.com.mx\/?p=61271"},"modified":"2023-10-23T08:32:32","modified_gmt":"2023-10-23T13:32:32","slug":"opinion-sso-cadena-de-negligencias-corrupcion-y-proteccion-a-funcionario","status":"publish","type":"post","link":"https:\/\/zonaroja.com.mx\/?p=61271","title":{"rendered":"Opini\u00f3n. SSO, cadena de negligencias, corrupci\u00f3n y protecci\u00f3n a funcionario"},"content":{"rendered":"\n<p>Ismael Garc\u00eda M.\/Zona Roja<\/p>\n\n\n\n<p>Oaxaca de Ju\u00e1rez, Oax., a 23 de octubre de 2023.- Adem\u00e1s de muertos por negligencia, \u00bfpodr\u00eda haber algo m\u00e1s grave en los Servicios de Salud de Oaxaca (SSO) que dejar en la indefensi\u00f3n a cientos de personas de escasos recursos econ\u00f3micos?<\/p>\n\n\n\n<p>S\u00ed: su actual titular, Alma Lilia Velasco, ocult\u00f3 por 10 meses que ten\u00eda en sus filas a un funcionario acusado de corrupci\u00f3n, heredado por el gobierno de Alejandro Murat Hinojosa, y no hizo nada; ni lo ces\u00f3 ni lo denunci\u00f3, y por el contrario lo solap\u00f3.<\/p>\n\n\n\n<p>En realidad todo lo que sucede en esa dependencia es grave: m\u00faltiples negligencias han costado la vida y no pasa nada. No hay medicinas, no hay obras, no hay atenci\u00f3n de calidad, no hay nada.<\/p>\n\n\n\n<p>\u00bfY la panacea es la transferencia al sistema IMSS-Bienestar? En absoluto, porque en primer lugar, no habr\u00e1 recursos financieros extraordinarios y, en segundo lugar, los sindicatos de salud \u2014parte de la grave problem\u00e1tica\u2014 se opondr\u00e1n a todo. Por lo tanto, nada bueno se augura para la salud de los oaxaque\u00f1os.<\/p>\n\n\n\n<p>LA COLUSI\u00d3N<\/p>\n\n\n\n<p>El pasado 17 de octubre se dio a conocer la detenci\u00f3n de \u00d3scar Guillermo Guzm\u00e1n Saavedra\u2026 quien se encobraba laborando en los Servicios de Salud del morenista Gobierno del Estado.<\/p>\n\n\n\n<p>El delito: uso indebido de atribuciones y facultades cuando fue director administrativo en la Secretar\u00eda de Movilidad, en el gobierno priista de Murat Hinojosa, por suscribir&nbsp;un contrato con la empresa \u201cCIFO Technologies S. A. de C. V.\u201d,&nbsp;por 33.5 millones de pesos.<\/p>\n\n\n\n<p>\u00bfDe verdad nadie sab\u00eda que en la dependencia de Salud hab\u00eda un funcionario acusado de corrupci\u00f3n cometida meses atr\u00e1s? O la secretaria Alma Lilia Velasco es muy ingenua.<\/p>\n\n\n\n<p>Tan \u201cingenua\u201d que ha permitido una serie de anomal\u00edas, entre ellas probables actos de corrupci\u00f3n, sin que supuestamente se d\u00e9 cuenta de ello.<\/p>\n\n\n\n<p>Tan \u201cingenua\u201d que ha permitido que Octavio Torres, de p\u00e9simos antecedentes, manipule y negocie con todo en los Servicios de Salud; ponga y quite funcionarios; haga y deshaga contratos\u2026 y siga generando nuevos ricos en Oaxaca.<\/p>\n\n\n\n<p>Como sea, la titular de los SSO tiene una alta responsabilidad en este caso y no puede alegar que \u201cno sab\u00eda\u201d, pues se supone que tiene a su cargo la instituci\u00f3n, con uno de los mayores presupuestos anuales.<\/p>\n\n\n\n<p>CADENA DE NEGLIGENCIAS<\/p>\n\n\n\n<p>Esa fue la cereza del pastel, porque en la dependencia, desde el inicio del gobierno de Salom\u00f3n Jara Cruz ha tenido una serie de fallas, que comenzaron con la mordedura de murci\u00e9lago a tres menores de edad, en el municipio de San Lorenzo Texmelucan.<\/p>\n\n\n\n<p>Dos de ellos murieron, por negligencia m\u00e9dica corroborada, luego de peregrinar por al menos tres hospitales y en el \u00faltimo, el \u201cDr. Aurelio Valdivieso\u201d, la atenci\u00f3n fue tambi\u00e9n deficiente y tard\u00eda. Hasta ahora no se sabe de funcionarios cesados y a juicio penal.<\/p>\n\n\n\n<p>Un caso m\u00e1s fue la muerte de un beb\u00e9, tambi\u00e9n por probable negligencia, en el Hospital Civil, a principios de marzo, en que adem\u00e1s a la madre de le extirparon la matriz.<\/p>\n\n\n\n<p>Otro esc\u00e1ndalo de nivel internacional fue la difusi\u00f3n de una imagen con un beb\u00e9 en una caja de cart\u00f3n, tambi\u00e9n en el Hospital Civil, a falta de cuneros; la indignaci\u00f3n mundial s\u00f3lo alcanz\u00f3 para supuestamente cesar a un funcionario del nosocomio, pero no al m\u00e9dico responsable.<\/p>\n\n\n\n<p>Negligencias m\u00e9dicas tambi\u00e9n en la muerte de beb\u00e9s se han denunciado en hospitales de Tuxtepec, Ciudad Ixtepec, Juchit\u00e1n, por mencionar algunos, pero no pasa nada.<\/p>\n\n\n\n<p>Ni qu\u00e9 decir de las graves carencias que contin\u00faan en todos los centros de salud y hospitales.<\/p>\n\n\n\n<p>En Tuxtepec, por ejemplo, hubo alrededor de dos meses de paro de labores por parte de trabajadores sindicalizados, que exig\u00edan mejoras al inmueble hospitalario y dotaci\u00f3n medicinas y medicamentos.<\/p>\n\n\n\n<p>En Juchit\u00e1n de Zaragoza, al hospital general, reconstruido totalmente, por cierto, por la Secretar\u00eda de la Defensa Nacional, le fallaron al menos cinco elevadores, por falta de mantenimiento.<\/p>\n\n\n\n<p>Unas tres semanas lleva la protesta pero supuestamente no hay dinero para reparar todos. Claro, tampoco castigo a quienes hicieron una mala obra, pues se trata de los militares.<\/p>\n\n\n\n<p>La cadena de errores de Alma Lilia Velasco es larga y se escuda con el dirigente de la Secci\u00f3n 35 del Sindicato Nacional de Trabajadores de Salud, Omar Jes\u00fas L\u00f3pez S\u00e1nchez, para no ser afectada por los reclamos del personal de base.<\/p>\n\n\n\n<p>Largo ser\u00eda citar tambi\u00e9n las tardanzas en las acciones para prevenir el dengue, que al momento ha cobrado nueve vidas. De las vacunas, tambi\u00e9n hay un severo retraso en la adquisici\u00f3n y suministro.<\/p>\n\n\n\n<p>\u00bfObras en materia de salud? Ninguna hasta el momento, a punto de cumplir los 11 meses del sexenio actual gobernado por Morena.&nbsp;<\/p>\n\n\n\n<p>En los sexenios de los priistas Jos\u00e9 Murat y de Ulises Ruiz hubo denuncias de corrupci\u00f3n, aunque ning\u00fan funcionario de primer nivel enjuiciado. Pero hubo obras relevantes en todos los sentidos, sobre todo en hospitales.<\/p>\n\n\n\n<p>Gabino Cu\u00e9 aleg\u00f3 que le dejaron muchos abandonados y sin concluir, pero no hizo nada, absolutamente nada, para terminarlos. De Alejandro Murat, ni hospitales ni cl\u00ednicas ni nada.&nbsp;<\/p>\n\n\n\n<p>\u00bfA d\u00f3nde se han ido los multimillonarios recursos que llegan anualmente para el sector salud?&nbsp;<\/p>\n\n\n\n<p>\u00bfQU\u00c9 SIGUE?<\/p>\n\n\n\n<p>En este a\u00f1o, de acuerdo con el Presupuesto de Egresos 2023, hay para los Servicios de Salud de Oaxaca nueve mil 722 millones de pesos, uno de los financiamientos m\u00e1s grandes, despu\u00e9s del IEEPO.<\/p>\n\n\n\n<p>\u00bfPero qu\u00e9 se ha hecho con ese dinero? Es cierto que la mayor cantidad se destina a pago de salarios, pero \u00bfy las inversiones?<\/p>\n\n\n\n<p>En realidad nada, y en el colmo hay m\u00faltiples denuncias de corrupci\u00f3n pero sobre todo negligencias, que siguen en la impunidad, en casi 11 meses de gobierno que prometi\u00f3 ser diferente.<\/p>\n\n\n\n<p>En el reciente sexenio del priista Alejandro Murat hubo tambi\u00e9n similar situaci\u00f3n;&nbsp; para encubrir a cada uno, tuvo cinco titulares de Salud, incluida Gabriela Vel\u00e1squez Rosas \u2014quien sigue en el sexenio actual, en otro cargo\u2014.<\/p>\n\n\n\n<p>Para el gobernador Jara Cruz todo parece estar bien en ese rubro, aunque es probable que le est\u00e9n ocultando la informaci\u00f3n real.<\/p>\n\n\n\n<p>Apenas el pasado 10 de octubre, el mandatario estatal firm\u00f3, ante Andr\u00e9s Manuel L\u00f3pez Obrador y al lado de otros gobernadores del pa\u00eds, el Acuerdo Nacional para la Federalizaci\u00f3n del Sistema de Salud para el Bienestar.<\/p>\n\n\n\n<p>Ello implica la transferencia de todo el sistema estatal al federal, a trav\u00e9s del IMSS Bienestar. Pero si el IMSS tambi\u00e9n padece de la misma situaci\u00f3n, incluida la crisis financiera, pues no se entiende en qu\u00e9 podr\u00e1 mejorar la atenci\u00f3n sanitaria. Mucho menos si no se pone freno a la voracidad sindical.<\/p>\n","protected":false},"excerpt":{"rendered":"<p>Ismael Garc\u00eda M.\/Zona Roja Oaxaca de Ju\u00e1rez, Oax., a 23 de octubre de 2023.- Adem\u00e1s&hellip;<\/p>\n","protected":false},"author":2,"featured_media":41735,"comment_status":"closed","ping_status":"open","sticky":false,"template":"","format":"standard","meta":{"_lmt_disableupdate":"","_lmt_disable":"","_jetpack_memberships_contains_paid_content":false,"footnotes":""},"categories":[456,109,48],"tags":[1353],"class_list":["post-61271","post","type-post","status-publish","format-standard","has-post-thumbnail","hentry","category-columna","category-minuto-a-minuto","category-zona-critica","tag-opinion-zona-critica"],"jetpack_featured_media_url":"https:\/\/zonaroja.com.mx\/wp-content\/uploads\/2022\/05\/Opinion-Ismael-Garcia-M.jpg","jetpack_sharing_enabled":true,"_links":{"self":[{"href":"https:\/\/zonaroja.com.mx\/index.php?rest_route=\/wp\/v2\/posts\/61271","targetHints":{"allow":["GET"]}}],"collection":[{"href":"https:\/\/zonaroja.com.mx\/index.php?rest_route=\/wp\/v2\/posts"}],"about":[{"href":"https:\/\/zonaroja.com.mx\/index.php?rest_route=\/wp\/v2\/types\/post"}],"author":[{"embeddable":true,"href":"https:\/\/zonaroja.com.mx\/index.php?rest_route=\/wp\/v2\/users\/2"}],"replies":[{"embeddable":true,"href":"https:\/\/zonaroja.com.mx\/index.php?rest_route=%2Fwp%2Fv2%2Fcomments&post=61271"}],"version-history":[{"count":1,"href":"https:\/\/zonaroja.com.mx\/index.php?rest_route=\/wp\/v2\/posts\/61271\/revisions"}],"predecessor-version":[{"id":61272,"href":"https:\/\/zonaroja.com.mx\/index.php?rest_route=\/wp\/v2\/posts\/61271\/revisions\/61272"}],"wp:featuredmedia":[{"embeddable":true,"href":"https:\/\/zonaroja.com.mx\/index.php?rest_route=\/wp\/v2\/media\/41735"}],"wp:attachment":[{"href":"https:\/\/zonaroja.com.mx\/index.php?rest_route=%2Fwp%2Fv2%2Fmedia&parent=61271"}],"wp:term":[{"taxonomy":"category","embeddable":true,"href":"https:\/\/zonaroja.com.mx\/index.php?rest_route=%2Fwp%2Fv2%2Fcategories&post=61271"},{"taxonomy":"post_tag","embeddable":true,"href":"https:\/\/zonaroja.com.mx\/index.php?rest_route=%2Fwp%2Fv2%2Ftags&post=61271"}],"curies":[{"name":"wp","href":"https:\/\/api.w.org\/{rel}","templated":true}]}}