{"id":61273,"date":"2023-10-23T09:01:45","date_gmt":"2023-10-23T14:01:45","guid":{"rendered":"http:\/\/www.zonaroja.com.mx\/?p=61273"},"modified":"2023-10-23T09:01:48","modified_gmt":"2023-10-23T14:01:48","slug":"supuesto-lider-criminal-se-habria-suicidado-en-restaurante-de-oaxaca","status":"publish","type":"post","link":"https:\/\/zonaroja.com.mx\/?p=61273","title":{"rendered":"Supuesto l\u00edder criminal se habr\u00eda \u201csuicidado\u201d en restaurante de Oaxaca"},"content":{"rendered":"\n<p>Ismael Garc\u00eda M.\/Zona Roja. Foto: Tom\u00e1s Mart\u00ednez<\/p>\n\n\n\n<p>Oaxaca de Ju\u00e1rez, Oax., a 23 de octubre de 2023.- Un presunto l\u00edder de un grupo del crimen organizado se habr\u00eda \u201csuicidado\u201d en un restaurante de la ciudad de Oaxaca, para impedir su arresto.<\/p>\n\n\n\n<p>De acuerdo con reportes oficiales, fue alrededor de las 20:45 horas de anoche en que se recibi\u00f3 un reporte de detonaciones de arma de fuego en el restaurante \u201cChe Gaucho\u201d, ubicado en la esquina de la calle Las Rosas con \u00c1lamos, colonia Reforma.<\/p>\n\n\n\n<p>Pero al llegar elementos de la Polic\u00eda Estatal a la zona, les negaron informaci\u00f3n y les fue negado el acceso, por parte de elementos de la Guardia Nacional y del Ej\u00e9rcito Mexicano, perteneciente a la Secretar\u00eda de la Defensa Nacional, quienes ya hab\u00edan cerrado el inmueble y dichas calles.<\/p>\n\n\n\n<p>Seg\u00fan fuentes extraoficiales, las corporaciones federales iban a detener a un \u201cobjetivo prioritario\u201d del crimen organizado pero, supuestamente cuando lo iban a capturar, \u00e9ste se refugi\u00f3 en el sanitario, donde se dispar\u00f3 con su arma de fuego; fue trasladado al hospital \u201cSan Lucas\u201d en la misma colonia, donde se report\u00f3 que falleci\u00f3.<\/p>\n\n\n\n<p>De acuerdo con informes preliminares, se trata de Jaime M., supuesto integrante de la banda \u201cLos Medina\u201d, que opera en los distritos de Ocotl\u00e1n-Zimatl\u00e1n-Ejutla.<\/p>\n\n\n\n<p>Hasta el momento no hay informaci\u00f3n formal por parte de instituciones policiacas y de procuraci\u00f3n de justicia estatales y federales.<\/p>\n\n\n\n<p>EN JUCHIT\u00c1N<\/p>\n\n\n\n<p>Por otra parte, en Juchit\u00e1n de Zaragoza, municipio de la regi\u00f3n del Istmo, una persona fue agredida con arma blanca en el cuello, tras oponerse a un asalto.<\/p>\n\n\n\n<p>La v\u00edctima fue identificada como Alberto P. D., de 36 a\u00f1os, dijo que fue agredido en la S\u00e9ptima Secci\u00f3n, por sujetos armados que le quitaron sus pertenencias.<\/p>\n\n\n\n<p>Expuso a las corporaciones policiacas que al oponer resistencia, fue lesionado con un arma blanca en el cuello.<\/p>\n\n\n\n<p>Fue trasladado a un hospital para su debida atenci\u00f3n m\u00e9dica; hasta el momento se desconoce su estado de salud.<\/p>\n","protected":false},"excerpt":{"rendered":"<p>Ismael Garc\u00eda M.\/Zona Roja. Foto: Tom\u00e1s Mart\u00ednez Oaxaca de Ju\u00e1rez, Oax., a 23 de octubre&hellip;<\/p>\n","protected":false},"author":2,"featured_media":61274,"comment_status":"closed","ping_status":"open","sticky":false,"template":"","format":"standard","meta":{"_lmt_disableupdate":"","_lmt_disable":"","_jetpack_memberships_contains_paid_content":false,"footnotes":""},"categories":[109,51],"tags":[148],"class_list":["post-61273","post","type-post","status-publish","format-standard","has-post-thumbnail","hentry","category-minuto-a-minuto","category-zona-roja","tag-oaxaca-de-juarez"],"jetpack_featured_media_url":"https:\/\/zonaroja.com.mx\/wp-content\/uploads\/2023\/10\/Fallecido-hospital-ciudad-de-Oaxaca.jpeg","jetpack_sharing_enabled":true,"_links":{"self":[{"href":"https:\/\/zonaroja.com.mx\/index.php?rest_route=\/wp\/v2\/posts\/61273","targetHints":{"allow":["GET"]}}],"collection":[{"href":"https:\/\/zonaroja.com.mx\/index.php?rest_route=\/wp\/v2\/posts"}],"about":[{"href":"https:\/\/zonaroja.com.mx\/index.php?rest_route=\/wp\/v2\/types\/post"}],"author":[{"embeddable":true,"href":"https:\/\/zonaroja.com.mx\/index.php?rest_route=\/wp\/v2\/users\/2"}],"replies":[{"embeddable":true,"href":"https:\/\/zonaroja.com.mx\/index.php?rest_route=%2Fwp%2Fv2%2Fcomments&post=61273"}],"version-history":[{"count":1,"href":"https:\/\/zonaroja.com.mx\/index.php?rest_route=\/wp\/v2\/posts\/61273\/revisions"}],"predecessor-version":[{"id":61275,"href":"https:\/\/zonaroja.com.mx\/index.php?rest_route=\/wp\/v2\/posts\/61273\/revisions\/61275"}],"wp:featuredmedia":[{"embeddable":true,"href":"https:\/\/zonaroja.com.mx\/index.php?rest_route=\/wp\/v2\/media\/61274"}],"wp:attachment":[{"href":"https:\/\/zonaroja.com.mx\/index.php?rest_route=%2Fwp%2Fv2%2Fmedia&parent=61273"}],"wp:term":[{"taxonomy":"category","embeddable":true,"href":"https:\/\/zonaroja.com.mx\/index.php?rest_route=%2Fwp%2Fv2%2Fcategories&post=61273"},{"taxonomy":"post_tag","embeddable":true,"href":"https:\/\/zonaroja.com.mx\/index.php?rest_route=%2Fwp%2Fv2%2Ftags&post=61273"}],"curies":[{"name":"wp","href":"https:\/\/api.w.org\/{rel}","templated":true}]}}