{"id":61279,"date":"2023-10-23T12:30:00","date_gmt":"2023-10-23T17:30:00","guid":{"rendered":"http:\/\/www.zonaroja.com.mx\/?p=61279"},"modified":"2023-10-23T09:21:45","modified_gmt":"2023-10-23T14:21:45","slug":"ordena-juez-federal-rescatar-rio-los-perros-en-el-istmo-litigio-estrategico","status":"publish","type":"post","link":"https:\/\/zonaroja.com.mx\/?p=61279","title":{"rendered":"Ordena juez federal rescatar r\u00edo \u201cLos Perros\u201d en el Istmo: Litigio Estrat\u00e9gico"},"content":{"rendered":"\n<p>Redacci\u00f3n\/Zona Roja.<\/p>\n\n\n\n<p>Oaxaca de Ju\u00e1rez, Oax., a 23 de octubre de 2023.- La titular del Juzgado S\u00e9ptimo de Distrito en el Estado de Oaxaca con residencia en Salina Cruz, Oaxaca emiti\u00f3 una sentencia protectora en el amparo indirecto 730\/2022 promovido por Alexia del Rosario Antonio Aquino, joven ind\u00edgena oaxaque\u00f1a quien acompa\u00f1ada de Litigio Estrat\u00e9gico Ind\u00edgena A.C. reclam\u00f3 la contaminaci\u00f3n del r\u00edo de \u201cLos Perros\u201d, ubicado en la regi\u00f3n del Istmo.<\/p>\n\n\n\n<p>El juicio constitucional fue tramitado por la joven Alexia en colaboraci\u00f3n con la organizaci\u00f3n no gubernamental Litigio Estrat\u00e9gico Ind\u00edgena, asociaci\u00f3n integrada por abogadas y abogados ind\u00edgenas oaxaque\u00f1os y que tiene como objetivo rescatar la totalidad de los r\u00edos oaxaque\u00f1os.<\/p>\n\n\n\n<p>La sentencia orden\u00f3 a las autoridades federales, estatales y municipales realizar las acciones necesarias para convenir con el gobierno federal a trav\u00e9s de la Comisi\u00f3n Nacional del Agua y las autoridades del estado de Oaxaca, respecto de medidas de protecci\u00f3n ambiental, espec\u00edficamente en cuanto al vertimiento de aguas residuales al r\u00edo \u201cLos Perros\u201d.<\/p>\n\n\n\n<p> Adem\u00e1s, realizar un plan de conservaci\u00f3n, limpieza, restauraci\u00f3n y vigilancia del equilibrio ecol\u00f3gico, del mencionado r\u00edo y orden\u00f3 realizar las acciones necesarias tendentes a concluir el proyecto de construcci\u00f3n de la planta de tratamiento de aguas residuales y la planta de residuos s\u00f3lidos de Ciudad Ixtepec, Oaxaca.<\/p>\n","protected":false},"excerpt":{"rendered":"<p>Redacci\u00f3n\/Zona Roja. Oaxaca de Ju\u00e1rez, Oax., a 23 de octubre de 2023.- La titular del&hellip;<\/p>\n","protected":false},"author":2,"featured_media":61280,"comment_status":"closed","ping_status":"open","sticky":false,"template":"","format":"standard","meta":{"_lmt_disableupdate":"","_lmt_disable":"","_jetpack_memberships_contains_paid_content":false,"footnotes":""},"categories":[109,46],"tags":[897],"class_list":["post-61279","post","type-post","status-publish","format-standard","has-post-thumbnail","hentry","category-minuto-a-minuto","category-zona-blanca","tag-litigio-estrategico-indigena"],"jetpack_featured_media_url":"https:\/\/zonaroja.com.mx\/wp-content\/uploads\/2023\/10\/rio-Los-Perros.jpg","jetpack_sharing_enabled":true,"_links":{"self":[{"href":"https:\/\/zonaroja.com.mx\/index.php?rest_route=\/wp\/v2\/posts\/61279","targetHints":{"allow":["GET"]}}],"collection":[{"href":"https:\/\/zonaroja.com.mx\/index.php?rest_route=\/wp\/v2\/posts"}],"about":[{"href":"https:\/\/zonaroja.com.mx\/index.php?rest_route=\/wp\/v2\/types\/post"}],"author":[{"embeddable":true,"href":"https:\/\/zonaroja.com.mx\/index.php?rest_route=\/wp\/v2\/users\/2"}],"replies":[{"embeddable":true,"href":"https:\/\/zonaroja.com.mx\/index.php?rest_route=%2Fwp%2Fv2%2Fcomments&post=61279"}],"version-history":[{"count":1,"href":"https:\/\/zonaroja.com.mx\/index.php?rest_route=\/wp\/v2\/posts\/61279\/revisions"}],"predecessor-version":[{"id":61281,"href":"https:\/\/zonaroja.com.mx\/index.php?rest_route=\/wp\/v2\/posts\/61279\/revisions\/61281"}],"wp:featuredmedia":[{"embeddable":true,"href":"https:\/\/zonaroja.com.mx\/index.php?rest_route=\/wp\/v2\/media\/61280"}],"wp:attachment":[{"href":"https:\/\/zonaroja.com.mx\/index.php?rest_route=%2Fwp%2Fv2%2Fmedia&parent=61279"}],"wp:term":[{"taxonomy":"category","embeddable":true,"href":"https:\/\/zonaroja.com.mx\/index.php?rest_route=%2Fwp%2Fv2%2Fcategories&post=61279"},{"taxonomy":"post_tag","embeddable":true,"href":"https:\/\/zonaroja.com.mx\/index.php?rest_route=%2Fwp%2Fv2%2Ftags&post=61279"}],"curies":[{"name":"wp","href":"https:\/\/api.w.org\/{rel}","templated":true}]}}