{"id":61284,"date":"2023-10-23T12:28:00","date_gmt":"2023-10-23T17:28:00","guid":{"rendered":"http:\/\/www.zonaroja.com.mx\/?p=61284"},"modified":"2023-10-23T09:39:54","modified_gmt":"2023-10-23T14:39:54","slug":"exigen-en-la-mixteca-al-estado-mexicano-cumpla-medidas-cautelares-de-la-cidh","status":"publish","type":"post","link":"https:\/\/zonaroja.com.mx\/?p=61284","title":{"rendered":"Exigen en la Mixteca al Estado mexicano cumpla Medidas Cautelares de la CIDH"},"content":{"rendered":"\n<p>Redacci\u00f3n\/Zona Roja.<\/p>\n\n\n\n<p>Oaxaca de Ju\u00e1rez, Oax., a 23 de octubre de 2023.- Pobladores de las comunidades de Guerrero Grande, Mier y Ter\u00e1n y Ndoyonoyuji, del municipio de San Esteban Atatlahuca, marcharon el fin de semana en la regi\u00f3n Mixteca, para exigir al Estado mexicano el cumplimiento de las Medidas Cautelares MC-1050-21 otorgadas en 2021 por la CIDH.<\/p>\n\n\n\n<p>Asimismo, denunciaron que se ha incumplido la medida emitida por el Comit\u00e9 Contra la Desaparici\u00f3n Forzada de la ONU-AU, con n\u00famero 1456\/2021 a 1460\/2021.&nbsp;<\/p>\n\n\n\n<p>Una de las movilizaciones se llev\u00f3 a cabo ayer en la localidad de Guerrero Grande, para exigir a las autoridades federales del Gobierno de M\u00e9xico, justicia por las personas asesinadas y aparici\u00f3n con vida de la activista Irma Galindo Ba\u00f1os y otras personas.<\/p>\n\n\n\n<p>De acuerdo con un comunicado, emitido, el s\u00e1bado 23 de octubre del 2021, un grupo armado \u201cintegrado por autoridades de la cabecera municipal de San Esteban Atatlahuca\u201d, atac\u00f3 a vecinos de la comunidad de Guerrero Grande.<\/p>\n\n\n\n<p>En esos hechos fueron desaparecidos los se\u00f1ores Marco Quiroz Ria\u00f1o, Miguel Bautista Avenda\u00f1o y Donato Bautista Avenda\u00f1o y asesinado el se\u00f1or Isidoro Hern\u00e1ndez.<\/p>\n\n\n\n<p>\u201cA pesar de que peritos de la Fiscal\u00eda General del Estado de Oaxaca y personal de la Comisi\u00f3n Estatal de B\u00fasqueda de Personas de Oaxaca hizo un levantamiento de restos \u00f3seos calcinados encontrados en dos casas quemadas&nbsp; en la comunidad de Guerrero Grande, hasta el momento la Fiscal\u00eda no ha determinado pericialmente si estos restos pertenecen a los se\u00f1ores Marco Quiroz Ria\u00f1o, Miguel Bautista Avenda\u00f1o y Donato Bautista Avenda\u00f1o, tales hechos constan en las carpetas de investigaci\u00f3n 33875\/FMIX\/TLAXIACO\/2021, 35375\/FMIX\/TLAXIACO\/2021, 35778\/FMIX\/TLAXIACO\/2021 Y 35780\/FMIX\/TLAXIACO\/2021\u201d.<\/p>\n\n\n\n<p>Adem\u00e1s, en el ataque armado efectuados los d\u00edas 21, 22 y 23 de octubre, \u201cel grupo armado encabezado por autoridades municipales de San Esteban Atatlahuca quemaron m\u00e1s de cien casas en las comunidades de Guerrero Grande y Ndoyonoyuji, mismo que constan en la Carpeta de Investigaci\u00f3n 35033\/FMIX\/TLAXIACO\/2021\u201d.<\/p>\n\n\n\n<p>Refieren que los ataques y agresiones hacia los habitantes de la comunidad de Guerrero Grande y Ndoyonoyuji, empezaron desde el d\u00eda 1 de octubre del 2021, y el d\u00eda 3 de octubre del 2021, se encontr\u00f3 el cuerpo sin vida del se\u00f1or Jacinto Hern\u00e1ndez Quiroz con disparos de arma de fuego.<\/p>\n\n\n\n<p>El d\u00eda 27 de octubre del a\u00f1o de 2021 la defensora del bosque Irma Galindo Barrios,&nbsp; ind\u00edgena mixteca, originaria y vecina de la comunidad de Totoi, San Esteban Atatlahuca, de 38 a\u00f1os de edad, desapareci\u00f3 y fue vista por \u00faltima vez en la estaci\u00f3n del metro \u201cBarranca del muerto\u201d en la Ciudad de M\u00e9xico, Carpeta de investigaci\u00f3n 36988\/FMIX\/TLAXIACO\/2021.<\/p>\n\n\n\n<p>El d\u00eda 23 de diciembre del 2021, la Comisi\u00f3n Interamericana de Derechos Humanos emiti\u00f3 medidas cautelares MC-1050-21 a familias de las comunidades ind\u00edgenas mixtecas de Guerrero Grande y de Ndoyonoyuji y otros, para proteger los derechos a la vida e integridad f\u00edsica de las familias ind\u00edgenas de las comunidades antes mencionadas.<\/p>\n\n\n\n<p>El d\u00eda 31 de diciembre del 2021, el Comit\u00e9 Contra la Desaparici\u00f3n Forzada de la ONU emiti\u00f3 acci\u00f3n urgente AU n\u00fams. 1456\/2021 a 1460\/2021 solicitando al Estado mexicano la b\u00fasqueda inmediata de los se\u00f1ores Miguel Bautista Avenda\u00f1o, Donato Bautista Avenda\u00f1o, Marco Quiroz Ria\u00f1o, Mayolo Quiroz Barrios y de la se\u00f1ora Irma Galindo Barrios e investigaci\u00f3n de su alegada desaparici\u00f3n forzada.<\/p>\n\n\n\n<p>Exponen que actualmente se encuentran aproximadamente 25 familias viviendo en el albergue del Instituto Nacional de los Pueblos Ind\u00edgenas (INPI), desplazadas de la comunidad de Ndoyonoyuji, San Esteban Atatlahuca, y que el Estado mexicano se niega a reconocer el estatus de desplazados internos, viviendo en situaciones precarias sin ning\u00fan apoyo de parte del Estado Mexicano.<\/p>\n\n\n\n<p>\u201cHasta el momento el Gobierno Federal y el Gobierno del Estado no ha cumplido con la medidas cautelares otorgadas por la Comisi\u00f3n Interamericana de Derechos Humanos otorgada el 23 de diciembre del 2021 y la Acci\u00f3n Urgente del Comit\u00e9 Contra la Desaparici\u00f3n Forzada de la ONU emitida el 31 de diciembre del 2021.<\/p>\n\n\n\n<p>\u201cAl contrario, se ha otorgado viviendas al&nbsp; grupo de personas de Guerrero Grande que fueron los responsables de quemar las casas a sus vecinos de la misma comunidad, hasta el momento no existe ninguna persona detenida de los homicidios, desapariciones y quemas de casas y que en el mes de julio del 2022 la Fiscal\u00eda General del Estado de Oaxaca, en la causa penal 066\/2022 emiti\u00f3 orden de aprehensi\u00f3n contra los se\u00f1ores Carlos Rea\u00f1o Sandoval y Rogelio Bautista Barrios pero fueron liberados por un Juez de Control al referir infundadamente que la detenci\u00f3n hab\u00eda sido ilegal.<\/p>\n\n\n\n<p>El comunicado lo firman Sebastiana Paz Bautista, representante de las personas desplazadas y de los beneficiarios de las&nbsp; Medidas Cautelares otorgadas por la CIDH, y Maurilio Santiago Reyes, presidente del Centro de Derechos Humanos y Asesor\u00eda a Pueblos Ind\u00edgenas A.C<\/p>\n","protected":false},"excerpt":{"rendered":"<p>Redacci\u00f3n\/Zona Roja. Oaxaca de Ju\u00e1rez, Oax., a 23 de octubre de 2023.- Pobladores de las&hellip;<\/p>\n","protected":false},"author":2,"featured_media":61285,"comment_status":"closed","ping_status":"open","sticky":false,"template":"","format":"standard","meta":{"_lmt_disableupdate":"","_lmt_disable":"","_jetpack_memberships_contains_paid_content":false,"footnotes":""},"categories":[109,47],"tags":[1025],"class_list":["post-61284","post","type-post","status-publish","format-standard","has-post-thumbnail","hentry","category-minuto-a-minuto","category-zona-gris","tag-san-esteban-atatlahuca"],"jetpack_featured_media_url":"https:\/\/zonaroja.com.mx\/wp-content\/uploads\/2023\/10\/Marcha-Atatlauca-desplazados.jpg","jetpack_sharing_enabled":true,"_links":{"self":[{"href":"https:\/\/zonaroja.com.mx\/index.php?rest_route=\/wp\/v2\/posts\/61284","targetHints":{"allow":["GET"]}}],"collection":[{"href":"https:\/\/zonaroja.com.mx\/index.php?rest_route=\/wp\/v2\/posts"}],"about":[{"href":"https:\/\/zonaroja.com.mx\/index.php?rest_route=\/wp\/v2\/types\/post"}],"author":[{"embeddable":true,"href":"https:\/\/zonaroja.com.mx\/index.php?rest_route=\/wp\/v2\/users\/2"}],"replies":[{"embeddable":true,"href":"https:\/\/zonaroja.com.mx\/index.php?rest_route=%2Fwp%2Fv2%2Fcomments&post=61284"}],"version-history":[{"count":1,"href":"https:\/\/zonaroja.com.mx\/index.php?rest_route=\/wp\/v2\/posts\/61284\/revisions"}],"predecessor-version":[{"id":61286,"href":"https:\/\/zonaroja.com.mx\/index.php?rest_route=\/wp\/v2\/posts\/61284\/revisions\/61286"}],"wp:featuredmedia":[{"embeddable":true,"href":"https:\/\/zonaroja.com.mx\/index.php?rest_route=\/wp\/v2\/media\/61285"}],"wp:attachment":[{"href":"https:\/\/zonaroja.com.mx\/index.php?rest_route=%2Fwp%2Fv2%2Fmedia&parent=61284"}],"wp:term":[{"taxonomy":"category","embeddable":true,"href":"https:\/\/zonaroja.com.mx\/index.php?rest_route=%2Fwp%2Fv2%2Fcategories&post=61284"},{"taxonomy":"post_tag","embeddable":true,"href":"https:\/\/zonaroja.com.mx\/index.php?rest_route=%2Fwp%2Fv2%2Ftags&post=61284"}],"curies":[{"name":"wp","href":"https:\/\/api.w.org\/{rel}","templated":true}]}}