{"id":61287,"date":"2023-10-23T18:46:05","date_gmt":"2023-10-23T23:46:05","guid":{"rendered":"http:\/\/www.zonaroja.com.mx\/?p=61287"},"modified":"2023-10-23T18:46:08","modified_gmt":"2023-10-23T23:46:08","slug":"negligencia-de-edil-de-salina-cruz-origina-inusual-protesta-en-palacio-de-gobierno","status":"publish","type":"post","link":"https:\/\/zonaroja.com.mx\/?p=61287","title":{"rendered":"Negligencia de edil de Salina Cruz origina inusual protesta en Palacio de Gobierno"},"content":{"rendered":"\n<p>Ismael Garc\u00eda M.\/Zona Roja.<\/p>\n\n\n\n<p>Oaxaca de Ju\u00e1rez, Oax., a 23 de junio de 2023.- Desatenciones y negligencias del presidente municipal morenista de Salina Cruz, Daniel M\u00e9ndez Sosa, as\u00ed como petici\u00f3n de audiencia a la autoridad estatal, originaron una inusual protesta en el Palacio de Gobierno, por parte de quienes dijeron ser integrantes del Comit\u00e9 de Defensa de la Cuarta Transformaci\u00f3n en esa ciudad y puerto.<\/p>\n\n\n\n<p>Entre los muchos manifestantes, a temprana hora arrib\u00f3 un grupo de militantes de Morena de Salina Cruz, para solicitar a la Secretar\u00eda de Gobierno una reuni\u00f3n, acordada con anterioridad.<\/p>\n\n\n\n<p>Son encabezados por Jes\u00fas Vicente, un activista que hace un mes se tir\u00f3 a las v\u00edas del ferrocarril en ese puerto, momentos antes de que el Presidente Andr\u00e9s Manuel L\u00f3pez Obrador recorriera la v\u00eda a bordo del nuevo tren que cruza hasta Coatzacoalcos.<\/p>\n\n\n\n<p>El mandatario mexicano lo atendi\u00f3, lo escuch\u00f3 y lo reconoci\u00f3 como un luchador social; tras ello, lo canaliz\u00f3 con el gobernador Salom\u00f3n Jara Cruz, quien escuch\u00f3 sus planteamientos, en su mayor\u00eda correspondientes a la autoridad de Salina Cruz.<\/p>\n\n\n\n<p>Sin embargo, al paso de las horas de este lunes, ninguna autoridad estatal los atendi\u00f3, por lo cual Jes\u00fas Vicente decidi\u00f3 escalar la puerta principal y amarrar sus manos con un barrote en la parte alta, donde permaneci\u00f3 por al menos tres horas.<\/p>\n\n\n\n<p>Frente a la nula atenci\u00f3n, otro individuo y una mujer decidieron tambi\u00e9n subir a la puerta met\u00e1lica, pero instantes despu\u00e9s la femenina cay\u00f3 desmayada, por lo cual fue requerida la presencia de param\u00e9dicos de la Cruz Roja Mexicana; no requiri\u00f3 hospitalizaci\u00f3n.<\/p>\n\n\n\n<p>Despu\u00e9s de las 16:00 horas finalmente fueron atendidos los inconformes y retiraron su protesta.<\/p>\n\n\n\n<p>De acuerdo con un documento que dieron a conocer, entre las peticiones est\u00e1n la reinstalaci\u00f3n de vendedores desalojados por la fuerza por el edil de Salina Cruz, Daniel M\u00e9ndez Sosa.<\/p>\n\n\n\n<p>Reinstalaci\u00f3n de un trabajador en la Secretar\u00eda de Movilidad; legalizaci\u00f3n de la posesi\u00f3n de predios en Rinc\u00f3n Bamba, Santo Domingo Tehuantepec; elevaci\u00f3n de categor\u00eda del hospital de Salina Cruz y libertad para Jes\u00fas Ceferino Rojas.<\/p>\n\n\n\n<p>Adem\u00e1s, revisi\u00f3n del proyecto del Corredor Interoce\u00e1nico, que contemple tambi\u00e9n el desarrollo social, no solamente el de las empresas nacionales y extranjeras.<\/p>\n","protected":false},"excerpt":{"rendered":"<p>Ismael Garc\u00eda M.\/Zona Roja. Oaxaca de Ju\u00e1rez, Oax., a 23 de junio de 2023.- Desatenciones&hellip;<\/p>\n","protected":false},"author":2,"featured_media":61288,"comment_status":"closed","ping_status":"open","sticky":false,"template":"","format":"standard","meta":{"_lmt_disableupdate":"","_lmt_disable":"","_jetpack_memberships_contains_paid_content":false,"footnotes":""},"categories":[109,47],"tags":[168],"class_list":["post-61287","post","type-post","status-publish","format-standard","has-post-thumbnail","hentry","category-minuto-a-minuto","category-zona-gris","tag-salina-cruz"],"jetpack_featured_media_url":"https:\/\/zonaroja.com.mx\/wp-content\/uploads\/2023\/10\/IMG_1169.jpg","jetpack_sharing_enabled":true,"_links":{"self":[{"href":"https:\/\/zonaroja.com.mx\/index.php?rest_route=\/wp\/v2\/posts\/61287","targetHints":{"allow":["GET"]}}],"collection":[{"href":"https:\/\/zonaroja.com.mx\/index.php?rest_route=\/wp\/v2\/posts"}],"about":[{"href":"https:\/\/zonaroja.com.mx\/index.php?rest_route=\/wp\/v2\/types\/post"}],"author":[{"embeddable":true,"href":"https:\/\/zonaroja.com.mx\/index.php?rest_route=\/wp\/v2\/users\/2"}],"replies":[{"embeddable":true,"href":"https:\/\/zonaroja.com.mx\/index.php?rest_route=%2Fwp%2Fv2%2Fcomments&post=61287"}],"version-history":[{"count":1,"href":"https:\/\/zonaroja.com.mx\/index.php?rest_route=\/wp\/v2\/posts\/61287\/revisions"}],"predecessor-version":[{"id":61289,"href":"https:\/\/zonaroja.com.mx\/index.php?rest_route=\/wp\/v2\/posts\/61287\/revisions\/61289"}],"wp:featuredmedia":[{"embeddable":true,"href":"https:\/\/zonaroja.com.mx\/index.php?rest_route=\/wp\/v2\/media\/61288"}],"wp:attachment":[{"href":"https:\/\/zonaroja.com.mx\/index.php?rest_route=%2Fwp%2Fv2%2Fmedia&parent=61287"}],"wp:term":[{"taxonomy":"category","embeddable":true,"href":"https:\/\/zonaroja.com.mx\/index.php?rest_route=%2Fwp%2Fv2%2Fcategories&post=61287"},{"taxonomy":"post_tag","embeddable":true,"href":"https:\/\/zonaroja.com.mx\/index.php?rest_route=%2Fwp%2Fv2%2Ftags&post=61287"}],"curies":[{"name":"wp","href":"https:\/\/api.w.org\/{rel}","templated":true}]}}