{"id":61292,"date":"2023-10-23T21:07:35","date_gmt":"2023-10-24T02:07:35","guid":{"rendered":"http:\/\/www.zonaroja.com.mx\/?p=61292"},"modified":"2023-10-23T21:07:36","modified_gmt":"2023-10-24T02:07:36","slug":"desde-oaxaca-colegios-de-abogados-se-pronuncian-en-defensa-del-poder-judicial","status":"publish","type":"post","link":"https:\/\/zonaroja.com.mx\/?p=61292","title":{"rendered":"Desde Oaxaca, colegios de abogados se pronuncian en defensa del Poder Judicial"},"content":{"rendered":"\n<p>Ismael Garc\u00eda M.\/Zona Roja.<\/p>\n\n\n\n<p>Oaxaca de Ju\u00e1rez, Oax., a 23 de octubre de 2023.- Dirigencia e integrantes del Colegio Nacional de Licenciados en Derecho y el Colegio Oaxaque\u00f1o de Doctores en Derecho se pronunciaron hoy en contra del acoso hacia el Poder Judicial de la Federaci\u00f3n.<\/p>\n\n\n\n<p>En un comunicado, y ante el debate nacional surgido de la pretensi\u00f3n de cancelar los fideicomisos de dicho \u00f3rgano, reprueban cualquier acto tendiente a menoscabar la independencia judicial, \u201creconociendo que la Constituci\u00f3n Pol\u00edtica de los Estados Unidos Mexicanos consagra el principio de divisi\u00f3n de poderes con el fin de garantizar a la ciudadan\u00eda un sistema democr\u00e1tico con contrapesos.<\/p>\n\n\n\n<p>Exponen que han escuchado atentos los diferentes puntos de vista surgidos en los \u00faltimos d\u00edas, particularmente de aquellos a quienes esta medida pudiera generar un menoscabo en sus derechos laborales.<\/p>\n\n\n\n<p>\u201cY reconocemos la necesidad de detener cualquier acto que pueda generar agravios, especialmente a la base trabajadora del Poder Judicial de la Federaci\u00f3n, a quienes les reconocemos, como usuarios y operadores del Sistema de Justicia Federal, su incansable empe\u00f1o y dedicaci\u00f3n a sus labores diarias\u201d.<\/p>\n\n\n\n<p>De la misma manera, exhortan a los \u00f3rganos de gobierno del Poder Judicial de la Federaci\u00f3n para que, en un ejercicio de transparencia y responsabilidad, justifiquen el uso de los recursos contenidos en los fideicomisos y su presupuesto de egresos, \u201cy en caso de que existan partidas que puedan ser consideradas por la ciudadan\u00eda como excesivas, se haga el ajuste correspondiente y se evite generar mayor encono\u201d.<\/p>\n\n\n\n<p>Hacen un llamado en\u00e9rgico a todos los actores y fuerzas pol\u00edticas para encausar sus manifestaciones al debate p\u00fablico, \u201cmismo que debe ser respetuoso y abierto de cara a la ciudadan\u00eda, de tal manera que todas las voces puedan ser escuchadas y tomadas en cuenta\u201d.<\/p>\n\n\n\n<p>A\u00f1aden que la cancelaci\u00f3n de fideicomisos o la reducci\u00f3n al presupuesto del Poder Judicial de la Federaci\u00f3n, \u201cpotencialmente pueden limitar de manera importante la operatividad del sistema de justicia, y con ello, generar agravios a millones de ciudadanos que diariamente acudimos ante los tribunales federales a demandar justicia y respeto a los derechos humanos, sistema que a la fecha ha probado ser efectivo y nutrirse de excelentes profesionistas\u201d.<\/p>\n\n\n\n<p>Expresan todo su apoyo a la base trabajadora del Poder Judicial de la Federaci\u00f3n, y exigen que las decisiones que el Poder Legislativo tome con respecto a la problem\u00e1tica planteada, se tomen con la seriedad y la reflexi\u00f3n que el tema amerita, nutri\u00e9ndose de las diversas corrientes del pensamiento, sin que medie la descalificaci\u00f3n o la ofensa.<\/p>\n\n\n\n<p>Firman el comunicado, entre otros, Miguel \u00c1ngel Hern\u00e1ndez V\u00e1squez, presidente del Colegio Nacional de Licenciados en Derecho, y Mar\u00eda Elena Villa de Jarqu\u00edn, presidenta del Colegio Oaxaque\u00f1o de Doctores en Derecho.<\/p>\n\n\n\n<p>As\u00ed como integrantes del consejo directivo de la primera asociaci\u00f3n civil, Iyari Crisp\u00edn S\u00e1nchez Cort\u00e9s, vicepresidente; Carlos Alberto Ram\u00edrez Victoria,&nbsp;<\/p>\n\n\n\n<p>secretario, y Paulino Garc\u00eda Cosmes, tesorero<\/p>\n\n\n\n<p>Por parte de la segunda asociaci\u00f3n de profesionistas del derecho, signan tambi\u00e9n Francisco Mart\u00ednez S\u00e1nchez, secretario; Efra\u00edn Meraz Mu\u00f1oz, tesorero; Iyari Crisp\u00edn S\u00e1nchez Cort\u00e9s; primer vocal, y Gloria \u00c1ngeles Cruz L\u00f3pez, segunda vocal.<\/p>\n","protected":false},"excerpt":{"rendered":"<p>Ismael Garc\u00eda M.\/Zona Roja. Oaxaca de Ju\u00e1rez, Oax., a 23 de octubre de 2023.- Dirigencia&hellip;<\/p>\n","protected":false},"author":2,"featured_media":61293,"comment_status":"closed","ping_status":"open","sticky":false,"template":"","format":"standard","meta":{"_lmt_disableupdate":"","_lmt_disable":"","_jetpack_memberships_contains_paid_content":false,"footnotes":""},"categories":[109,46],"tags":[],"class_list":["post-61292","post","type-post","status-publish","format-standard","has-post-thumbnail","hentry","category-minuto-a-minuto","category-zona-blanca"],"jetpack_featured_media_url":"https:\/\/zonaroja.com.mx\/wp-content\/uploads\/2023\/10\/Comunicado-asociaciones-de-abogados-Oaxaca-Poder-Judicial.jpg","jetpack_sharing_enabled":true,"_links":{"self":[{"href":"https:\/\/zonaroja.com.mx\/index.php?rest_route=\/wp\/v2\/posts\/61292","targetHints":{"allow":["GET"]}}],"collection":[{"href":"https:\/\/zonaroja.com.mx\/index.php?rest_route=\/wp\/v2\/posts"}],"about":[{"href":"https:\/\/zonaroja.com.mx\/index.php?rest_route=\/wp\/v2\/types\/post"}],"author":[{"embeddable":true,"href":"https:\/\/zonaroja.com.mx\/index.php?rest_route=\/wp\/v2\/users\/2"}],"replies":[{"embeddable":true,"href":"https:\/\/zonaroja.com.mx\/index.php?rest_route=%2Fwp%2Fv2%2Fcomments&post=61292"}],"version-history":[{"count":1,"href":"https:\/\/zonaroja.com.mx\/index.php?rest_route=\/wp\/v2\/posts\/61292\/revisions"}],"predecessor-version":[{"id":61294,"href":"https:\/\/zonaroja.com.mx\/index.php?rest_route=\/wp\/v2\/posts\/61292\/revisions\/61294"}],"wp:featuredmedia":[{"embeddable":true,"href":"https:\/\/zonaroja.com.mx\/index.php?rest_route=\/wp\/v2\/media\/61293"}],"wp:attachment":[{"href":"https:\/\/zonaroja.com.mx\/index.php?rest_route=%2Fwp%2Fv2%2Fmedia&parent=61292"}],"wp:term":[{"taxonomy":"category","embeddable":true,"href":"https:\/\/zonaroja.com.mx\/index.php?rest_route=%2Fwp%2Fv2%2Fcategories&post=61292"},{"taxonomy":"post_tag","embeddable":true,"href":"https:\/\/zonaroja.com.mx\/index.php?rest_route=%2Fwp%2Fv2%2Ftags&post=61292"}],"curies":[{"name":"wp","href":"https:\/\/api.w.org\/{rel}","templated":true}]}}