{"id":61295,"date":"2023-10-23T22:36:37","date_gmt":"2023-10-24T03:36:37","guid":{"rendered":"http:\/\/www.zonaroja.com.mx\/?p=61295"},"modified":"2023-10-23T22:36:39","modified_gmt":"2023-10-24T03:36:39","slug":"otro-lunes-de-caos-y-ahora-logran-suspender-labores-en-palacio-de-gobierno","status":"publish","type":"post","link":"https:\/\/zonaroja.com.mx\/?p=61295","title":{"rendered":"Otro lunes de caos y ahora logran suspender labores en Palacio de Gobierno"},"content":{"rendered":"\n<p>Ismael Garc\u00eda M.\/Zona Roja.<\/p>\n\n\n\n<p>Oaxaca de Ju\u00e1rez, Oax., a 23 de octubre de 2023.- Oaxaca vivi\u00f3 otra jornada ca\u00f3tica por marchas y bloqueo de vialidades, en las regiones Valles Centrales y Mixteca.<\/p>\n\n\n\n<p>Y ahora, en el caso de la capital, por primera vez parte de los manifestantes lograron que cesaran las labores en el Palacio de Gobierno, al apoderarse de los tres accesos; en el principal, un activista se amarr\u00f3 de la parte alta de la puerta.<\/p>\n\n\n\n<p>Las movilizaciones iniciaron de madrugada, con la concentraci\u00f3n de cientos de militantes de la organizaci\u00f3n \u201c23 de Octubre\u201d, tra\u00eddos de diversas partes de la entidad y concentrados en la carretera Internacional 190, crucero con la vialidad al pante\u00f3n Jard\u00edn, jurisdicci\u00f3n de Santa Luc\u00eda del Camino.<\/p>\n\n\n\n<p>Los mismos marcharon alrededor de las 09:00 horas hacia el z\u00f3calo de la ciudad, en la exigencia de justicia para Heriberto Pazos Ortiz, a 13 a\u00f1os del asesinato de quien fuera fundador del Movimiento de Unificaci\u00f3n y Lucha Triqui (MULT).<\/p>\n\n\n\n<p>Tambi\u00e9n a temprana hora se concentr\u00f3 otra agrupaci\u00f3n, de la Asamblea de Pueblos Ind\u00edgenas (API), que march\u00f3 igualmente a la plaza principal de la ciudad.<\/p>\n\n\n\n<p>En ese sitio ambas organizaciones se encontraron con el MULT y efectuaron m\u00edtines distintos; en el caso de la primera agrupaci\u00f3n, durante el mitin Magda Pazos acus\u00f3 indolencia de la Secretar\u00eda de Gobierno y desd\u00e9n de su titular, Jes\u00fas Romero L\u00f3pez, para atender las demandas.<\/p>\n\n\n\n<p>Se mantuvieron en el z\u00f3calo hasta la tarde, porque adem\u00e1s ped\u00edan audiencia para atender temas de obras p\u00fablicas y recursos financieros.<\/p>\n\n\n\n<p>LOS SERRANOS<\/p>\n\n\n\n<p>Tambi\u00e9n a temprana hora llegaron autoridades del Sector Cajones de la Sierra de Ju\u00e1rez, para demandar conclusi\u00f3n de obras en materia de salud, educativa y de infraestructura carretera.<\/p>\n\n\n\n<p>Fueron respaldados por la Secci\u00f3n 22 del Sindicato Nacional de Trabajadores de la Educaci\u00f3n, para que sus demandas fueran atendidas.<\/p>\n\n\n\n<p>Entre ellas el equipamiento de un centro de salud en San Pablo Yaganiza; la terminaci\u00f3n de la carretera D\u00edaz Ordaz-San Melchor Betaza; la techumbre de la escuela secundaria de San Pedro Cajonos.<\/p>\n\n\n\n<p>A falta de respuesta, se instalaron en los tres accesos al Palacio de Gobierno e impidieron la salida y entrada de trabajadores; el mandatario Salom\u00f3n Jara Cruz ten\u00eda previsto una reuni\u00f3n en el reciento, pero fue cancelada y traslad\u00f3 sus actividades al Centro Cultural y de Convenciones.<\/p>\n\n\n\n<p>Por otra parte, como se inform\u00f3, activistas de Salina Cruz, militantes del Partido Morena, se manifestaron desde la ma\u00f1ana en el exterior de la sede del Poder Ejecutivo y despu\u00e9s de la una de la tarde uno de ellos, Jes\u00fas Vicente, se amarr\u00f3 en la parte alta de la puerta, para exigir audiencia.<\/p>\n\n\n\n<p>En la carretera Oaxaca-M\u00e9xico, a la altura del acceso al municipio de Tezoatl\u00e1n de Segura y Luna, habitantes de diversas localidades cerraron durante casi todo el d\u00eda la vialidad, para exigir al ayuntamiento de San Andr\u00e9s Dinicuiti que les entregue las participaciones municipales.<\/p>\n\n\n\n<p>Mientras que por la tarde, arribaron empresarios y trabajadores textileros, para protestar y ofrecer una conferencia de prensa, a fin de exigir que el Gobierno del Estado les d\u00e9 una respuesta en cuanto a la posibilidad de elaborar los uniformes escolares este a\u00f1o.<\/p>\n\n\n\n<p>Ello ante el anuncio reciente del titular del IEEPO, Emilio Montero P\u00e9rez, de que la Secretar\u00eda de la Defensa Nacional los confeccionar\u00e1.<\/p>\n\n\n\n<p>Los manifestantes se mantuvieron en el sitio por alrededor de una hora pero tampoco fueron atendidos.<\/p>\n","protected":false},"excerpt":{"rendered":"<p>Ismael Garc\u00eda M.\/Zona Roja. Oaxaca de Ju\u00e1rez, Oax., a 23 de octubre de 2023.- Oaxaca&hellip;<\/p>\n","protected":false},"author":2,"featured_media":61296,"comment_status":"closed","ping_status":"open","sticky":false,"template":"","format":"standard","meta":{"_lmt_disableupdate":"","_lmt_disable":"","_jetpack_memberships_contains_paid_content":false,"footnotes":""},"categories":[109,47],"tags":[2264],"class_list":["post-61295","post","type-post","status-publish","format-standard","has-post-thumbnail","hentry","category-minuto-a-minuto","category-zona-gris","tag-bloqueos-y-protestas-oaxaca"],"jetpack_featured_media_url":"https:\/\/zonaroja.com.mx\/wp-content\/uploads\/2023\/10\/Protesta-sector-Cajonos-palacio-Oaxaca.jpg","jetpack_sharing_enabled":true,"_links":{"self":[{"href":"https:\/\/zonaroja.com.mx\/index.php?rest_route=\/wp\/v2\/posts\/61295","targetHints":{"allow":["GET"]}}],"collection":[{"href":"https:\/\/zonaroja.com.mx\/index.php?rest_route=\/wp\/v2\/posts"}],"about":[{"href":"https:\/\/zonaroja.com.mx\/index.php?rest_route=\/wp\/v2\/types\/post"}],"author":[{"embeddable":true,"href":"https:\/\/zonaroja.com.mx\/index.php?rest_route=\/wp\/v2\/users\/2"}],"replies":[{"embeddable":true,"href":"https:\/\/zonaroja.com.mx\/index.php?rest_route=%2Fwp%2Fv2%2Fcomments&post=61295"}],"version-history":[{"count":1,"href":"https:\/\/zonaroja.com.mx\/index.php?rest_route=\/wp\/v2\/posts\/61295\/revisions"}],"predecessor-version":[{"id":61297,"href":"https:\/\/zonaroja.com.mx\/index.php?rest_route=\/wp\/v2\/posts\/61295\/revisions\/61297"}],"wp:featuredmedia":[{"embeddable":true,"href":"https:\/\/zonaroja.com.mx\/index.php?rest_route=\/wp\/v2\/media\/61296"}],"wp:attachment":[{"href":"https:\/\/zonaroja.com.mx\/index.php?rest_route=%2Fwp%2Fv2%2Fmedia&parent=61295"}],"wp:term":[{"taxonomy":"category","embeddable":true,"href":"https:\/\/zonaroja.com.mx\/index.php?rest_route=%2Fwp%2Fv2%2Fcategories&post=61295"},{"taxonomy":"post_tag","embeddable":true,"href":"https:\/\/zonaroja.com.mx\/index.php?rest_route=%2Fwp%2Fv2%2Ftags&post=61295"}],"curies":[{"name":"wp","href":"https:\/\/api.w.org\/{rel}","templated":true}]}}