{"id":61298,"date":"2023-10-23T23:26:46","date_gmt":"2023-10-24T04:26:46","guid":{"rendered":"http:\/\/www.zonaroja.com.mx\/?p=61298"},"modified":"2023-10-23T23:26:48","modified_gmt":"2023-10-24T04:26:48","slug":"anuncian-planton-de-12-horas-en-oaxaca-contra-el-maltrato-animal","status":"publish","type":"post","link":"https:\/\/zonaroja.com.mx\/?p=61298","title":{"rendered":"Anuncian \u201cplant\u00f3n\u201d de 12 horas en Oaxaca contra el maltrato animal"},"content":{"rendered":"\n<p>Ismael Garc\u00eda M.\/Zona Roja.<\/p>\n\n\n\n<p>Oaxaca de Ju\u00e1rez, Oax., a 23 de octubre de 2023.- Una decena de asociaciones civiles anunci\u00f3 un \u201cplant\u00f3n\u201d de 12 horas contra el maltrato animal, en la ciudad de Oaxaca, el pr\u00f3ximo 3 de noviembre, al considerar que en lo que va del a\u00f1o van al menos 200 casos.<\/p>\n\n\n\n<p>\u201cEllos no pueden hablar por s\u00ed mismos; 12 horas por los 12 meses que ellos an sufrido abusos, maltratos y asesinatos que han quedado impunes\u201d, denunciaron en conferencia de prensa en la explanada del templo de Santo Domingo de Guzm\u00e1n, ciudad capital.<\/p>\n\n\n\n<p>La actividad comprender\u00e1 tambi\u00e9n el otorgamiento de consultas de m\u00e9dicos veterinarios sin costo alguno, as\u00ed como una calenda en pro del animal sintiente, como son catalogadas las mascotas.<\/p>\n\n\n\n<p>En la jornada participan, entre otros, \u201cAmores Perros\u201d, ApaOax, \u201cHuellitas sin Hogar\u201d, \u201cHuellas sin Hogar\u201d, \u201cHuellitas de Amor\u201d, \u201cPatitas Felices\u201d, \u201cTeo Tails\u201d y \u201cHuellas de Ayuda Oaxaca\u201d.<\/p>\n\n\n\n<p>Una de las participantes, Roc\u00edo Mercado, lament\u00f3 que en la entidad ocurran con cada vez m\u00e1s frecuencia y cada vez m\u00e1s violencia los hechos en contra de los animales de compa\u00f1\u00eda.<\/p>\n\n\n\n<p>\u201cSi ya no queremos ver cosas tristes en las redes, pues tenemos que alzar la voz e invitar a la ciudadan\u00eda a que denuncie, que se apoye con diferentes protectoras, estamos para trabajar en equipo.<\/p>\n\n\n\n<p>\u201cY creo que la Fiscal\u00eda (General del Estado de Oaxaca), con toda la estructura que tiene, que cuenta ya con una Fiscal\u00eda Especializada contra el maltrato animal, con perito, pero es como un tibur\u00f3n sin dientes; ya est\u00e1 la oficina pero no hay ninguna sanci\u00f3n\u201d, expuso.<\/p>\n\n\n\n<p>Lament\u00f3 asimismo la violencia que padecen los defensores de los animales cuando acuden a alg\u00fan rescate, por lo cual tambi\u00e9n requieren que la ley los proteja.<\/p>\n","protected":false},"excerpt":{"rendered":"<p>Ismael Garc\u00eda M.\/Zona Roja. Oaxaca de Ju\u00e1rez, Oax., a 23 de octubre de 2023.- Una&hellip;<\/p>\n","protected":false},"author":2,"featured_media":61299,"comment_status":"closed","ping_status":"open","sticky":false,"template":"","format":"standard","meta":{"_lmt_disableupdate":"","_lmt_disable":"","_jetpack_memberships_contains_paid_content":false,"footnotes":""},"categories":[109,46],"tags":[],"class_list":["post-61298","post","type-post","status-publish","format-standard","has-post-thumbnail","hentry","category-minuto-a-minuto","category-zona-blanca"],"jetpack_featured_media_url":"https:\/\/zonaroja.com.mx\/wp-content\/uploads\/2023\/10\/Conferencia-protectores-de-animales-Oaxaca.jpg","jetpack_sharing_enabled":true,"_links":{"self":[{"href":"https:\/\/zonaroja.com.mx\/index.php?rest_route=\/wp\/v2\/posts\/61298","targetHints":{"allow":["GET"]}}],"collection":[{"href":"https:\/\/zonaroja.com.mx\/index.php?rest_route=\/wp\/v2\/posts"}],"about":[{"href":"https:\/\/zonaroja.com.mx\/index.php?rest_route=\/wp\/v2\/types\/post"}],"author":[{"embeddable":true,"href":"https:\/\/zonaroja.com.mx\/index.php?rest_route=\/wp\/v2\/users\/2"}],"replies":[{"embeddable":true,"href":"https:\/\/zonaroja.com.mx\/index.php?rest_route=%2Fwp%2Fv2%2Fcomments&post=61298"}],"version-history":[{"count":1,"href":"https:\/\/zonaroja.com.mx\/index.php?rest_route=\/wp\/v2\/posts\/61298\/revisions"}],"predecessor-version":[{"id":61300,"href":"https:\/\/zonaroja.com.mx\/index.php?rest_route=\/wp\/v2\/posts\/61298\/revisions\/61300"}],"wp:featuredmedia":[{"embeddable":true,"href":"https:\/\/zonaroja.com.mx\/index.php?rest_route=\/wp\/v2\/media\/61299"}],"wp:attachment":[{"href":"https:\/\/zonaroja.com.mx\/index.php?rest_route=%2Fwp%2Fv2%2Fmedia&parent=61298"}],"wp:term":[{"taxonomy":"category","embeddable":true,"href":"https:\/\/zonaroja.com.mx\/index.php?rest_route=%2Fwp%2Fv2%2Fcategories&post=61298"},{"taxonomy":"post_tag","embeddable":true,"href":"https:\/\/zonaroja.com.mx\/index.php?rest_route=%2Fwp%2Fv2%2Ftags&post=61298"}],"curies":[{"name":"wp","href":"https:\/\/api.w.org\/{rel}","templated":true}]}}