{"id":6130,"date":"2019-11-27T17:14:12","date_gmt":"2019-11-27T23:14:12","guid":{"rendered":"http:\/\/www.zonaroja.com.mx\/?p=6130"},"modified":"2019-11-27T17:14:15","modified_gmt":"2019-11-27T23:14:15","slug":"trasladan-a-joven-tuxtepecano-a-la-cdmx-en-busca-de-un-milagro","status":"publish","type":"post","link":"https:\/\/zonaroja.com.mx\/?p=6130","title":{"rendered":"Trasladan a joven tuxtepecano a la Cdmx en busca de un milagro"},"content":{"rendered":"\n<p>Redacci\u00f3n\/Zona Roja.<\/p>\n\n\n\n<p>Oaxaca de Ju\u00e1rez, Oax., 27 de noviembre\nde 2019.- Debido a la gravedad en su estado de salud, este martes Pedro Alberto\nLezama Hern\u00e1ndez fue trasladado a la Ciudad de M\u00e9xico para recibir atenci\u00f3n\nespecializada y buscar acceder al trasplante de intestino que requiere para\nseguir viviendo.<\/p>\n\n\n\n<p>As\u00ed lo dio a conocer a trav\u00e9s de sus\nredes sociales la madre del joven, en cuya cuenta incluso se puede observar el\nvideo de la ambulancia que sale de la ciudad de Oaxaca con rumbo a la capital\ndel pa\u00eds con la finalidad de salvarle la vida a su hijo.<\/p>\n\n\n\n<p>Como becario del programa federal\n\u00abJ\u00f3venes construyendo el futuro\u201d, el tuxtepeano de 24 a\u00f1os de edad y\negresado de la carrera de Pedagog\u00eda, llevaba a cabo actividades en condiciones\ninseguras e inadecuadas para su perfil, en el municipio de San Juan Bautista\nTuxtepec.<\/p>\n\n\n\n<p>Pedro estuvo internado de primera cuenta\nen el IMSS de Tuxtepec, donde sobrevivi\u00f3 a un infarto y a una riesgosa cirug\u00eda,\nposteriormente lo trasladaron a la ciudad de Oaxaca donde fue sometido a\ncirug\u00eda de nuevo, sin embargo, el personal m\u00e9dico le ha dado pocas esperanzas\nde vida desde el pasado 19 de noviembre en que sufri\u00f3 un accidente.<\/p>\n\n\n\n<p>Fue en esa fecha que lo enviaron a\nrealizar actividades fuera del \u00e1rea de trabajo, en el lugar donde se lleva a\ncabo una expoferia, la labor designada para \u00e9l y un grupo de j\u00f3venes consist\u00eda\nen cargar l\u00e1minas a un volteo y llevarlas a diferentes colonias a repartirlas,\nello sin contar con ning\u00fan tipo de protecci\u00f3n que salvaguardara su integridad\nf\u00edsica.<\/p>\n\n\n\n<p>Al viajar en la batea de una camioneta,\ndonde tambi\u00e9n iban las l\u00e1minas y montenes sin estar sujetadas de nada, un\npercance hizo que Pedro Alberto quedara prensado entre las l\u00e1minas caus\u00e1ndole\nda\u00f1o a sus \u00f3rganos vitales, dentro de ellos el intestino, por lo que\nactualmente los m\u00e9dicos no le dan esperanza de vida a sus padres.<\/p>\n\n\n\n<p>De acuerdo con informaci\u00f3n del portal\ninformativo Muro.Mx el programa federal podr\u00eda cerrarse para las \u00e1reas del\nayuntamiento de San Juan Bautista Tuxtepec como parte de una sanci\u00f3n de la\nSecretar\u00eda del Trabajo y Previsi\u00f3n Social (STyPS), debido a que se puso en\nriesgo la vida del joven tuxtepecano.&nbsp; <\/p>\n\n\n\n<p>El responsable de \u201cJ\u00f3venes construyendo\nel futuro\u201d en Oaxaca, Iv\u00e1n Montes Jim\u00e9nez, ha manifestado que el caso de Pedro\nAlberto se investiga y se tomaran las medidas necesarias para proteger la\nintegridad de las y los j\u00f3venes beneficiarios al programa.<\/p>\n\n\n\n<p>Mientras tanto Pedro Alberto lucha por\nsu vida, pese a los pron\u00f3sticos desalentadores del personal m\u00e9dico en Oaxaca\nque incluso, de acuerdo con fuentes hemerogr\u00e1ficas, desahuci\u00f3 al joven previo a\nsu partida a la Ciudad de M\u00e9xico.<\/p>\n","protected":false},"excerpt":{"rendered":"<p>Redacci\u00f3n\/Zona Roja. Oaxaca de Ju\u00e1rez, Oax., 27 de noviembre de 2019.- Debido a la gravedad&hellip;<\/p>\n","protected":false},"author":2,"featured_media":6068,"comment_status":"closed","ping_status":"open","sticky":false,"template":"","format":"standard","meta":{"_lmt_disableupdate":"","_lmt_disable":"","_jetpack_memberships_contains_paid_content":false,"footnotes":""},"categories":[109,47],"tags":[1064,118],"class_list":["post-6130","post","type-post","status-publish","format-standard","has-post-thumbnail","hentry","category-minuto-a-minuto","category-zona-gris","tag-pedro-alberto-lezama-hernandez","tag-san-juan-bautista-tuxtepec"],"jetpack_featured_media_url":"https:\/\/zonaroja.com.mx\/wp-content\/uploads\/2019\/11\/1dda5667-1704-4acd-a899-c1c58ac8a367.jpg","jetpack_sharing_enabled":true,"_links":{"self":[{"href":"https:\/\/zonaroja.com.mx\/index.php?rest_route=\/wp\/v2\/posts\/6130","targetHints":{"allow":["GET"]}}],"collection":[{"href":"https:\/\/zonaroja.com.mx\/index.php?rest_route=\/wp\/v2\/posts"}],"about":[{"href":"https:\/\/zonaroja.com.mx\/index.php?rest_route=\/wp\/v2\/types\/post"}],"author":[{"embeddable":true,"href":"https:\/\/zonaroja.com.mx\/index.php?rest_route=\/wp\/v2\/users\/2"}],"replies":[{"embeddable":true,"href":"https:\/\/zonaroja.com.mx\/index.php?rest_route=%2Fwp%2Fv2%2Fcomments&post=6130"}],"version-history":[{"count":1,"href":"https:\/\/zonaroja.com.mx\/index.php?rest_route=\/wp\/v2\/posts\/6130\/revisions"}],"predecessor-version":[{"id":6131,"href":"https:\/\/zonaroja.com.mx\/index.php?rest_route=\/wp\/v2\/posts\/6130\/revisions\/6131"}],"wp:featuredmedia":[{"embeddable":true,"href":"https:\/\/zonaroja.com.mx\/index.php?rest_route=\/wp\/v2\/media\/6068"}],"wp:attachment":[{"href":"https:\/\/zonaroja.com.mx\/index.php?rest_route=%2Fwp%2Fv2%2Fmedia&parent=6130"}],"wp:term":[{"taxonomy":"category","embeddable":true,"href":"https:\/\/zonaroja.com.mx\/index.php?rest_route=%2Fwp%2Fv2%2Fcategories&post=6130"},{"taxonomy":"post_tag","embeddable":true,"href":"https:\/\/zonaroja.com.mx\/index.php?rest_route=%2Fwp%2Fv2%2Ftags&post=6130"}],"curies":[{"name":"wp","href":"https:\/\/api.w.org\/{rel}","templated":true}]}}