{"id":61301,"date":"2023-10-24T12:30:00","date_gmt":"2023-10-24T17:30:00","guid":{"rendered":"http:\/\/www.zonaroja.com.mx\/?p=61301"},"modified":"2023-10-24T08:27:59","modified_gmt":"2023-10-24T13:27:59","slug":"cisma-en-la-cndh-renuncia-consejo-consultivo-por-arbitrariedades","status":"publish","type":"post","link":"https:\/\/zonaroja.com.mx\/?p=61301","title":{"rendered":"Cisma en la CNDH: renuncia consejo consultivo por \u201carbitrariedades\u201d"},"content":{"rendered":"\n<p>Redacci\u00f3n\/Zona Roja Cdmx.<\/p>\n\n\n\n<p>Ciudad de M\u00e9xico, a 24 de octubre de 2023.- Los integrantes del consejo consultivo de la Comisi\u00f3n Nacional de los Derechos Humanos decidieron renunciar a sus cargos para no \u201clegitimar\u201d con su presencia \u201carbitrariedades, interpretaciones sesgadas y decisiones unilaterales\u201d de la presidenta del organismo, Rosario Piedra.<\/p>\n\n\n\n<p>En su carta de dimisi\u00f3n, acusaron que la CNDH es un \u00f3rgano \u201cque debiera ser aut\u00f3nomo (pero) pareciera estar atendiendo intereses diversos a los de la defensa y protecci\u00f3n de los derechos humanos\u201d.<\/p>\n\n\n\n<p>Denunciaron que han enfrentado constantes obst\u00e1culos para impedir que cumplan con su funci\u00f3n consultiva y han sido \u201cignorados\u201d dos a\u00f1os, tiempo que lleva Rosario Piedra al frente de la CNDH.<\/p>\n\n\n\n<p>Firmaron el escrito Tania Espinosa S\u00e1nchez, Adalberto M\u00e9ndez L\u00f3pez, Bernardo Romero V\u00e1zquez, Jorge Alejandro Saavedra L\u00f3pez, \u00c1ngel Trinidad Zald\u00edvar y Georgina Di\u00e9dhiou Bello.<\/p>\n\n\n\n<p>En la carta de renuncia evidenciaron que, adem\u00e1s de que sus consejos no eran atendidos y la CNDH fij\u00f3 posicionamientos en diversos temas sin tomarlos en cuenta, se sostuvieron diferendos con la presidencia de la Comisi\u00f3n hasta por conceptos y aspectos reglamentarios.<\/p>\n\n\n\n<p>\u201cDe forma sistem\u00e1tica ha obstaculizado nuestro trabajo llegando al extremo de ignorarnos por completo, amenazar y calumniar a algunas personas integrantes del Consejo. No s\u00f3lo en los espacios de este \u00f3rgano ciudadanos, sino utilizando para ello los recursos, personal y los medios de la Comisi\u00f3n, incluyendo sus redes sociales\u201d, denunciaron.<\/p>\n\n\n\n<p>Adem\u00e1s indicaron que, aunque trataron de aplicar la atribuci\u00f3n legal de \u201cestablecer los lineamientos generales de actuaci\u00f3n de la Comisi\u00f3n Nacional\u201d, nunca pudieron lograr que Piedra admitiera que tienen esas facultades.<\/p>\n\n\n\n<p>\u201cNo hemos podido mediar ni razonar con la presidenta de la Comisi\u00f3n, pr\u00e1cticamente en ninguna de las actuaciones que ha llevado a cabo. Hemos diferido con la presidenta desde simples interpretaciones a procedimientos internos, tales como el significado de qu\u00f3rum, el de la mayor\u00eda de votos, el conflicto de intereses en la contrataci\u00f3n de personal, hasta negarnos facultades para hacer una simple modificaci\u00f3n al orden del d\u00eda de las sesiones del propio consejo\u201d, se\u00f1al\u00f3 el consejo.<\/p>\n\n\n\n<p>(Informaci\u00f3n de \u201cExpansi\u00f3n Pol\u00edtica\u201d)<\/p>\n","protected":false},"excerpt":{"rendered":"<p>Redacci\u00f3n\/Zona Roja Cdmx. Ciudad de M\u00e9xico, a 24 de octubre de 2023.- Los integrantes del&hellip;<\/p>\n","protected":false},"author":2,"featured_media":3927,"comment_status":"closed","ping_status":"open","sticky":false,"template":"","format":"standard","meta":{"_lmt_disableupdate":"","_lmt_disable":"","_jetpack_memberships_contains_paid_content":false,"footnotes":""},"categories":[109,47],"tags":[974],"class_list":["post-61301","post","type-post","status-publish","format-standard","has-post-thumbnail","hentry","category-minuto-a-minuto","category-zona-gris","tag-cndh-comision-nacional-de-derechos-humanos"],"jetpack_featured_media_url":"https:\/\/zonaroja.com.mx\/wp-content\/uploads\/2019\/09\/cndh.jpg","jetpack_sharing_enabled":true,"_links":{"self":[{"href":"https:\/\/zonaroja.com.mx\/index.php?rest_route=\/wp\/v2\/posts\/61301","targetHints":{"allow":["GET"]}}],"collection":[{"href":"https:\/\/zonaroja.com.mx\/index.php?rest_route=\/wp\/v2\/posts"}],"about":[{"href":"https:\/\/zonaroja.com.mx\/index.php?rest_route=\/wp\/v2\/types\/post"}],"author":[{"embeddable":true,"href":"https:\/\/zonaroja.com.mx\/index.php?rest_route=\/wp\/v2\/users\/2"}],"replies":[{"embeddable":true,"href":"https:\/\/zonaroja.com.mx\/index.php?rest_route=%2Fwp%2Fv2%2Fcomments&post=61301"}],"version-history":[{"count":1,"href":"https:\/\/zonaroja.com.mx\/index.php?rest_route=\/wp\/v2\/posts\/61301\/revisions"}],"predecessor-version":[{"id":61302,"href":"https:\/\/zonaroja.com.mx\/index.php?rest_route=\/wp\/v2\/posts\/61301\/revisions\/61302"}],"wp:featuredmedia":[{"embeddable":true,"href":"https:\/\/zonaroja.com.mx\/index.php?rest_route=\/wp\/v2\/media\/3927"}],"wp:attachment":[{"href":"https:\/\/zonaroja.com.mx\/index.php?rest_route=%2Fwp%2Fv2%2Fmedia&parent=61301"}],"wp:term":[{"taxonomy":"category","embeddable":true,"href":"https:\/\/zonaroja.com.mx\/index.php?rest_route=%2Fwp%2Fv2%2Fcategories&post=61301"},{"taxonomy":"post_tag","embeddable":true,"href":"https:\/\/zonaroja.com.mx\/index.php?rest_route=%2Fwp%2Fv2%2Ftags&post=61301"}],"curies":[{"name":"wp","href":"https:\/\/api.w.org\/{rel}","templated":true}]}}