{"id":61313,"date":"2023-10-24T13:28:00","date_gmt":"2023-10-24T18:28:00","guid":{"rendered":"http:\/\/www.zonaroja.com.mx\/?p=61313"},"modified":"2023-10-24T08:32:41","modified_gmt":"2023-10-24T13:32:41","slug":"banda-mixe-mujeres-del-viento-florido-y-mon-laferte-en-bellas-artes","status":"publish","type":"post","link":"https:\/\/zonaroja.com.mx\/?p=61313","title":{"rendered":"Banda mixe \u201cMujeres del Viento Florido\u201d y Mon Laferte, en Bellas Artes"},"content":{"rendered":"\n<p>Redacci\u00f3n\/Zona Roja.<\/p>\n\n\n\n<p>\u201cCon gran entusiasmo compartimos esta noticia. Muchas gracias Mon Laferte y a quienes hacen posible este concierto\u201d, escribi\u00f3 la Banda Femenil Regional \u201cMujeres del Viento Florido\u201d en su cuenta oficial de Facebook, este lunes, al presentar el anuncio de su pr\u00f3ximo concierto, el s\u00e1bado 9 de diciembre en el Palacio de Bellas Artes en la Ciudad de M\u00e9xico.<\/p>\n\n\n\n<p>\u201cEn el recinto cultural m\u00e1s importante de mi amado M\u00e9xico, ah\u00ed estar\u00e9 cantando con \u2018Viento Florido\u2019. He pasado cientos de horas viendo concierto de Juan Gabriel y Chavela (Vargas) en este lugar maravilloso; no se imaginan lo que siento en este momento, estoy muy emocionada, me cuesta aguantarme las l\u00e1grimas de la felicidad\u201d, escribi\u00f3 la cantante y compositora chilena, nacionalizada mexicana, Mon Laferte.<\/p>\n\n\n\n<p>Desde hace varios a\u00f1os se ha ido fortaleciendo una alianza art\u00edstica y una amistad entre la cantante y la agrupaci\u00f3n musical femenil que dirige la maestra Leticia Gallardo Mart\u00ednez, lo cual se ha visto reflejado en varios conciertos juntas y en la grabaci\u00f3n de algunos temas en tierras mixes.<\/p>\n\n\n\n<p>Ahora, llegan de la mano nuevamente para presentarse juntas en el recinto cultural m\u00e1s importante de M\u00e9xico, el Palacio de Bellas Artes.<\/p>\n\n\n\n<p>\u201cGracias maestra Leticia por crear \u2018Viento Florido\u2019, gracias por crear una banda de mujeres, gracias por cambiar el mundo, por ense\u00f1arnos y permitirnos avanzar como sociedad, amo este M\u00e9xico donde caben muchos M\u00e9xicos. Gracias \u2018Viento Florido\u2019 por permitirme llegar a Bellas Artes a su lado\u201d, agreg\u00f3 Laferte en la publicaci\u00f3n hecha en su cuenta de Facebook este lunes.<\/p>\n\n\n\n<p>Por su parte, la Secretar\u00eda de Cultura federal dio a conocer v\u00eda comunicado que dicho concierto tendr\u00e1 lugar en la Sala Principal del Palacio de Bellas Artes, el 9 de diciembre de 2023, con un programa art\u00edstico integrado con m\u00fasica y canciones tradicionales oaxaque\u00f1as que conforman parte de la diversidad musical de M\u00e9xico.<\/p>\n\n\n\n<p>En este concierto de intercambio cultural entre M\u00e9xico y Chile, el p\u00fablico escuchar\u00e1 canciones compuestas por Mon Laferte, adem\u00e1s de interpretar temas que integran parte fundamental del repertorio en la m\u00fasica mexicana, como \u201cDios nunca muere\u201d, \u201cCanci\u00f3n mixteca\u201d, \u201cTe juro que volver\u00e9\u201d, \u201cMar\u00eda tepozteca\u201d, \u201cCalaveras\u201d, \u201cSe va la vida\u201d, \u201cSe me va a quemar el coraz\u00f3n\u201d, \u201cTe vi\u201d, entre otras obras.<\/p>\n\n\n\n<p>En febrero de este a\u00f1o, Mon Laferte y \u201cMujeres del Viento Florido\u201d ofrecieron en el Lincoln Center de Nueva York un exitoso concierto que ahora se presentar\u00e1 en el Palacio de Bellas Artes<\/p>\n\n\n\n<p>La cantante, quien obtuvo la nacionalidad mexicana en diciembre 2022, ha ganado cuatro premios Latin Grammy y dos nominaciones a los Grammy, vendiendo millones de \u00e1lbumes y de discos digitales en Latinoam\u00e9rica.&nbsp;<\/p>\n\n\n\n<p>La artista contempor\u00e1nea multidisciplinaria, residente en M\u00e9xico desde hace 15 a\u00f1os, es reconocida internacionalmente en el campo musical. Se ha presentado en escenarios como el Walt Disney Concert Hall de Los \u00c1ngeles, el Madison Square Garden en Nueva York y el Luna Park en Buenos Aires, convocando amplios p\u00fablicos en Am\u00e9rica Latina, Estados Unidos y Europa.<\/p>\n\n\n\n<p>\u201cMujeres del Viento Florido\u201d, agrupaci\u00f3n originaria de Santa Mar\u00eda Tlahuitoltepec, comunidad ubicada en la regi\u00f3n mixe de Oaxaca, cuya tradici\u00f3n de bandas de aliento tiene reconocimiento internacional, est\u00e1 integrada por 58 instrumentistas, bajo la direcci\u00f3n de Leticia Gallardo Mart\u00ednez y Diana Gabriela Mart\u00ednez Gallardo, como asistente de direcci\u00f3n, arreglista e int\u00e9rprete de tuba.<\/p>\n\n\n\n<p>La banda femenil reivindica la interpretaci\u00f3n y el estudio de la m\u00fasica mexicana para las mujeres de las comunidades ind\u00edgenas. El colectivo se fund\u00f3 en noviembre de 2009 como Banda Femenil Regional Mujeres del Viento Florido; desde entonces m\u00e1s de 100 mujeres instrumentistas han sido parte de esta agrupaci\u00f3n.<\/p>\n\n\n\n<p>Desde 2010 han presentado diversos conciertos y han sido invitadas a eventos como la IV Semana de las Culturas de la Sierra, el 3\u00b0 Encuentro Intercultural de M\u00fasica y Danza Ind\u00edgena en la ciudad de Puebla, el 1\u00b0 Encuentro de Bandas Culturales, el 1\u00b0 Encuentro de Artistas Oaxaque\u00f1as, el Festival Internacional de la Cultura Maya, el 22\u00b0 Encuentro Nacional de Bandas Tradicionales de Tlayacapan y en La Guelaguetza, entre otras colaboraciones internacionales con reconocidos cantantes mexicanos.<\/p>\n\n\n\n<p>Los boletos para el concierto \u201cMon Laferte &amp; Mujeres del Viento Florido\u201d estar\u00e1n a la venta a partir del mi\u00e9rcoles.<\/p>\n\n\n\n<p>(Informaci\u00f3n del sitio \u201cSucedi\u00f3 en Oaxaca\u201d)<\/p>\n","protected":false},"excerpt":{"rendered":"<p>Redacci\u00f3n\/Zona Roja. \u201cCon gran entusiasmo compartimos esta noticia. Muchas gracias Mon Laferte y a quienes&hellip;<\/p>\n","protected":false},"author":2,"featured_media":61314,"comment_status":"closed","ping_status":"open","sticky":false,"template":"","format":"standard","meta":{"_lmt_disableupdate":"","_lmt_disable":"","_jetpack_memberships_contains_paid_content":false,"footnotes":""},"categories":[109,46],"tags":[2741],"class_list":["post-61313","post","type-post","status-publish","format-standard","has-post-thumbnail","hentry","category-minuto-a-minuto","category-zona-blanca","tag-banda-mujeres-del-viento-florido"],"jetpack_featured_media_url":"https:\/\/zonaroja.com.mx\/wp-content\/uploads\/2023\/10\/Mon-Laferte-y-mujeres-del-vioento-florido.jpg","jetpack_sharing_enabled":true,"_links":{"self":[{"href":"https:\/\/zonaroja.com.mx\/index.php?rest_route=\/wp\/v2\/posts\/61313","targetHints":{"allow":["GET"]}}],"collection":[{"href":"https:\/\/zonaroja.com.mx\/index.php?rest_route=\/wp\/v2\/posts"}],"about":[{"href":"https:\/\/zonaroja.com.mx\/index.php?rest_route=\/wp\/v2\/types\/post"}],"author":[{"embeddable":true,"href":"https:\/\/zonaroja.com.mx\/index.php?rest_route=\/wp\/v2\/users\/2"}],"replies":[{"embeddable":true,"href":"https:\/\/zonaroja.com.mx\/index.php?rest_route=%2Fwp%2Fv2%2Fcomments&post=61313"}],"version-history":[{"count":1,"href":"https:\/\/zonaroja.com.mx\/index.php?rest_route=\/wp\/v2\/posts\/61313\/revisions"}],"predecessor-version":[{"id":61315,"href":"https:\/\/zonaroja.com.mx\/index.php?rest_route=\/wp\/v2\/posts\/61313\/revisions\/61315"}],"wp:featuredmedia":[{"embeddable":true,"href":"https:\/\/zonaroja.com.mx\/index.php?rest_route=\/wp\/v2\/media\/61314"}],"wp:attachment":[{"href":"https:\/\/zonaroja.com.mx\/index.php?rest_route=%2Fwp%2Fv2%2Fmedia&parent=61313"}],"wp:term":[{"taxonomy":"category","embeddable":true,"href":"https:\/\/zonaroja.com.mx\/index.php?rest_route=%2Fwp%2Fv2%2Fcategories&post=61313"},{"taxonomy":"post_tag","embeddable":true,"href":"https:\/\/zonaroja.com.mx\/index.php?rest_route=%2Fwp%2Fv2%2Ftags&post=61313"}],"curies":[{"name":"wp","href":"https:\/\/api.w.org\/{rel}","templated":true}]}}