{"id":61316,"date":"2023-10-24T10:30:00","date_gmt":"2023-10-24T15:30:00","guid":{"rendered":"http:\/\/www.zonaroja.com.mx\/?p=61316"},"modified":"2023-10-24T08:57:02","modified_gmt":"2023-10-24T13:57:02","slug":"registra-oaxaca-144-hechos-criminales-atroces-en-nueve-meses","status":"publish","type":"post","link":"https:\/\/zonaroja.com.mx\/?p=61316","title":{"rendered":"Registra Oaxaca 144 hechos criminales atroces en nueve meses"},"content":{"rendered":"\n<p>Ismael Garc\u00eda M.\/Zona Roja.<\/p>\n\n\n\n<p>Oaxaca de Ju\u00e1rez, Oax., a 24 de octubre de 2023.- El estado de Oaxaca registr\u00f3 de enero a septiembre de este a\u00f1o al menos 144 hechos criminales atroces, con saldo de 179 v\u00edctimas, report\u00f3 la asociaci\u00f3n civil \u201cCausa en Com\u00fan\u201d.<\/p>\n\n\n\n<p>De acuerdo con el informe \u201cGaler\u00eda del horror: atrocidades y eventos de alto impacto\u201d, de los nueve meses del a\u00f1o, en M\u00e9xico se cometieron alrededor de cinco mil delitos de extrema violencia.<\/p>\n\n\n\n<p>Seg\u00fan la asociaci\u00f3n que preside Mar\u00eda Elena Morera, se considera como \u201catrocidad\u201d el uso intencional de la fuerza f\u00edsica para causar muerte, laceraci\u00f3n o maltrato extremo; para causar la muerte de un alto n\u00famero de personas; para causar la muerte de personas vulnerables o de inter\u00e9s pol\u00edtico, y\/o para provocar terror.<\/p>\n\n\n\n<p>Entre algunas categor\u00edas que engloba se encuentran masacres, restos humanos en fosas clandestinas, calcinamiento, tortura, asesinato de ni\u00f1os y adolescentes, asesinato de mujeres con crueldad extrema; cr\u00edmenes de defensores de derechos humanos y periodistas, as\u00ed como de actores pol\u00edticos.<\/p>\n\n\n\n<p>De los hechos sucedidos en el estado de Oaxaca, estudio realizado con base en fuentes hemerogr\u00e1ficas, \u201cCausa en Com\u00fan\u201d revela que de los 144 eventos, 11 son catalogados como masacre; un hallazgo en fosa clandestina; nueve hechos de mutilaci\u00f3n y descuartizamiento de cuerpos; ocho casos de calcinamiento; 47 casos de tortura.<\/p>\n\n\n\n<p>Adem\u00e1s, 10 asesinatos de ni\u00f1os y adolescentes; 49 cr\u00edmenes de mujeres con extrema crueldad; un asesinato de persona defensora de derechos; siete casos de funcionario y actores de relevancia en materia de seguridad; siete intentos de linchamiento, entre otros.<\/p>\n\n\n\n<p>EN EL PA\u00cdS<\/p>\n\n\n\n<p>A nivel nacional, \u201cCausa en Com\u00fan\u201d hall\u00f3 durante el periodo de enero a septiembre de 2023, se registraron al menos 5,000 atrocidades, entre las que destacan: 1,435 casos de tortura; 496 casos de mutilaci\u00f3n, descuartizamiento y destrucci\u00f3n de cad\u00e1veres; y al menos 355 masacres.<\/p>\n\n\n\n<p>En promedio se registraron 555 atrocidades cada mes, es decir, 18 atrocidades cada d\u00eda.<\/p>\n\n\n\n<p>Durante el periodo, las atrocidades se incrementaron en m\u00e1s de un 22% respecto a los registros de 2021, y un 12% respecto al 2022.<\/p>\n\n\n\n<p>El asesinato de mujeres con crueldad extrema es la segunda atrocidad que m\u00e1s se registr\u00f3 en el pa\u00eds (despu\u00e9s de tortura) con, al menos, 729 casos, un promedio de 18 casos cada semana.\u00a0<\/p>\n\n\n\n<p>De igual forma se acumularon, al menos, 208 asesinatos de ni\u00f1as, ni\u00f1os y adolescentes; en promedio, 23 casos al mes.<\/p>\n\n\n\n<p>Los actos violentos contra las autoridades, violaciones agravadas, calcinamientos y desplazamientos forzados son otros tipos de atrocidades que se han incrementado.<\/p>\n\n\n\n<p>Los registros de atrocidades abarcan todo el pa\u00eds; sin embargo, las diez entidades en donde ocurrieron m\u00e1s atrocidades durante el periodo fueron: Chihuahua, Guanajuato, Baja California, Guerrero, Morelos, Jalisco, Puebla, Zacatecas, Veracruz y el Estado de M\u00e9xico.<\/p>\n\n\n\n<p>Las entidades con el menor n\u00famero de noticias sobre atrocidades fueron: Quer\u00e9taro, con al menos 22; Durango, con 24; Campeche, con 25; Aguascalientes, con 29; y Coahuila, al menos 32.<\/p>\n\n\n\n<p>Al igual que con el resto de las entidades, hay un n\u00famero indeterminado de atrocidades que no fueron registradas por la prensa.<\/p>\n","protected":false},"excerpt":{"rendered":"<p>Ismael Garc\u00eda M.\/Zona Roja. Oaxaca de Ju\u00e1rez, Oax., a 24 de octubre de 2023.- El&hellip;<\/p>\n","protected":false},"author":2,"featured_media":55667,"comment_status":"closed","ping_status":"open","sticky":false,"template":"","format":"standard","meta":{"_lmt_disableupdate":"","_lmt_disable":"","_jetpack_memberships_contains_paid_content":false,"footnotes":""},"categories":[109,47],"tags":[2376],"class_list":["post-61316","post","type-post","status-publish","format-standard","has-post-thumbnail","hentry","category-minuto-a-minuto","category-zona-gris","tag-causa-en-comun"],"jetpack_featured_media_url":"https:\/\/zonaroja.com.mx\/wp-content\/uploads\/2023\/05\/Escena-del-crimen-violencia.jpg","jetpack_sharing_enabled":true,"_links":{"self":[{"href":"https:\/\/zonaroja.com.mx\/index.php?rest_route=\/wp\/v2\/posts\/61316","targetHints":{"allow":["GET"]}}],"collection":[{"href":"https:\/\/zonaroja.com.mx\/index.php?rest_route=\/wp\/v2\/posts"}],"about":[{"href":"https:\/\/zonaroja.com.mx\/index.php?rest_route=\/wp\/v2\/types\/post"}],"author":[{"embeddable":true,"href":"https:\/\/zonaroja.com.mx\/index.php?rest_route=\/wp\/v2\/users\/2"}],"replies":[{"embeddable":true,"href":"https:\/\/zonaroja.com.mx\/index.php?rest_route=%2Fwp%2Fv2%2Fcomments&post=61316"}],"version-history":[{"count":1,"href":"https:\/\/zonaroja.com.mx\/index.php?rest_route=\/wp\/v2\/posts\/61316\/revisions"}],"predecessor-version":[{"id":61317,"href":"https:\/\/zonaroja.com.mx\/index.php?rest_route=\/wp\/v2\/posts\/61316\/revisions\/61317"}],"wp:featuredmedia":[{"embeddable":true,"href":"https:\/\/zonaroja.com.mx\/index.php?rest_route=\/wp\/v2\/media\/55667"}],"wp:attachment":[{"href":"https:\/\/zonaroja.com.mx\/index.php?rest_route=%2Fwp%2Fv2%2Fmedia&parent=61316"}],"wp:term":[{"taxonomy":"category","embeddable":true,"href":"https:\/\/zonaroja.com.mx\/index.php?rest_route=%2Fwp%2Fv2%2Fcategories&post=61316"},{"taxonomy":"post_tag","embeddable":true,"href":"https:\/\/zonaroja.com.mx\/index.php?rest_route=%2Fwp%2Fv2%2Ftags&post=61316"}],"curies":[{"name":"wp","href":"https:\/\/api.w.org\/{rel}","templated":true}]}}