{"id":6132,"date":"2019-11-27T19:37:42","date_gmt":"2019-11-28T01:37:42","guid":{"rendered":"http:\/\/www.zonaroja.com.mx\/?p=6132"},"modified":"2019-11-27T19:37:45","modified_gmt":"2019-11-28T01:37:45","slug":"ante-negligencia-oficial-llegan-pobladores-y-autoridades-de-juquila-a-la-capital","status":"publish","type":"post","link":"https:\/\/zonaroja.com.mx\/?p=6132","title":{"rendered":"Ante negligencia oficial, llegan pobladores y autoridades de Juquila a la capital"},"content":{"rendered":"\n<p>Ismael Garc\u00eda M.\/Zona Roja.<\/p>\n\n\n\n<p>Oaxaca de Ju\u00e1rez, Oax., 27 de noviembre\nde 2019.- Ante la indolencia oficial del gobierno de Oaxaca por la nula\natenci\u00f3n y justicia ante las agresiones y bloqueos de Santiago Yaitepec,\npobladores y autoridades de Santa Catarina Juquila arribaron a la capital para\ninstalar un \u201cplant\u00f3n\u201d en el z\u00f3calo.<\/p>\n\n\n\n<p>Asimismo, acusaron que hay un grupo\narmado en la zona que constantemente los agrede y les bloquea, y a la fecha no\nhay ning\u00fan polic\u00eda que resguarde la zona; en tanto, de los diversos delitos que\nse han cometido, hasta ahora la Fiscal\u00eda General del Estado no tiene ning\u00fan\navance.<\/p>\n\n\n\n<p>Ante ello, pidieron la renuncia del\ntitular de la Secretar\u00eda General de Gobierno, H\u00e9ctor Anuar Mafud, y dem\u00e1s\nautoridades omisas.<\/p>\n\n\n\n<p>Desde el domingo 24 de noviembre pasado por la noche, fueron agredidos en el paraje \u201cEl Pedimento\u201d por sujetos con armas de grueso calibre provenientes presuntamente de Yaitepec; que adem\u00e1s destruyeron puestos comerciales, atacaron a pobladores, desarmaron a polic\u00edas y desaparecieron por unas horas a algunos habitantes.<\/p>\n\n\n\n<figure class=\"wp-block-embed-twitter wp-block-embed is-type-rich is-provider-twitter\"><div class=\"wp-block-embed__wrapper\">\n<div class=\"twitter-tweet\"><blockquote class=\"twitter-tweet\" data-lang=\"es\"><p lang=\"es\" dir=\"ltr\"><a href=\"https:\/\/twitter.com\/hashtag\/OaxacaRojo?src=hash&amp;ref_src=twsrc%5Etfw\">#OaxacaRojo<\/a><br>\u201cEl gobierno no tiene la capacidad para liberar \u00f3rdenes de aprehensi\u00f3n, para encerrar a quienes realmente est\u00e1n sembrando la violencia\u201d, acusa <a href=\"https:\/\/twitter.com\/hashtag\/Juquila?src=hash&amp;ref_src=twsrc%5Etfw\">#Juquila<\/a>, que denuncia indolencia oficial para frenar agresiones de <a href=\"https:\/\/twitter.com\/hashtag\/Yaitepec?src=hash&amp;ref_src=twsrc%5Etfw\">#Yaitepec<\/a>. <a href=\"https:\/\/t.co\/4A3Un2l33K\">pic.twitter.com\/4A3Un2l33K<\/a><\/p>&mdash; Zona Roja Oaxaca (@MexRoja) <a href=\"https:\/\/twitter.com\/MexRoja\/status\/1199863285752967169?ref_src=twsrc%5Etfw\">28 de noviembre de 2019<\/a><\/blockquote><\/div>\n<\/div><\/figure>\n\n\n\n<p>No obstante, desde esa fecha y hasta ahora\nno hay ninguna atenci\u00f3n de las autoridades, denunci\u00f3 el edil de Juquila, Francisco\nZ\u00e1rate Pacheco.<\/p>\n\n\n\n<p>En conferencia de prensa, se\u00f1al\u00f3 que ni\npor las agresiones del pasado 3 de febrero ni por las de este 24 de noviembre,\nhay investigaci\u00f3n y castigo a los responsables.<\/p>\n\n\n\n<p>Ante ello, acus\u00f3 que el grupo\nparamilitar es dirigido por el profesor Fausto Salinas Santiago, su hermano\nRoberto y otros actores \u201cque usan el seud\u00f3nimo de ser ind\u00edgenas, cuando ellos\nson los que violentan los derechos de los civiles, tanto de<\/p>\n\n\n\n<p>su pueblo de Santiago Yaitepec y\nsiembran la violencia para enriquecerse y someter a su antojo al pueblo de\nJuquila, estos portan armas y capuchas, armas de fuego de alto calibre, que\nrebasan inclusive a las fuerzas armadas de M\u00e9xico\u201d.<\/p>\n\n\n\n<p>Reiter\u00f3 que en los hechos del domingo,\nel grupo armado instal\u00f3 un bloqueo carretero, a la altura del paraje \u00abRio\nManteca\u201d e ingres\u00f3 al paraje denominado \u00abEl Pedimento donde destruy\u00f3 viviendas\ny locales de los comerciantes, con armas de alto poder (cuernos de chivo y\nAR-15), \u201cviolentando f\u00edsicamente a las personas que ah\u00ed se encontraban,\nsecuestraron a tres ciudadanos de Juquila y golpearon e hirieron a cuatro m\u00e1s,\nque se encuentran hospitalizados, a la fecha se<\/p>\n\n\n\n<p>encuentran tres desaparecidos\u201d.<\/p>\n\n\n\n<p>Por ello, demand\u00f3 la urgente\nintervenci\u00f3n del gobernador Alejandro Murat Hinojosa, la instalaci\u00f3n de una\nBase de Operaciones Mixtas, la presencia de la Guardia Nacional.<\/p>\n\n\n\n<p>En caso de no ser atendidos en mesa de\ndi\u00e1logo, instalar\u00e1n de manera permanente su \u201cplant\u00f3n\u201d en el z\u00f3calo de la\ncapital y una comisi\u00f3n acudir\u00e1 a la ciudad de M\u00e9xico a buscar di\u00e1logo con el\nPresidente Andr\u00e9s Manuel L\u00f3pez Obrador.<\/p>\n","protected":false},"excerpt":{"rendered":"<p>Ismael Garc\u00eda M.\/Zona Roja. Oaxaca de Ju\u00e1rez, Oax., 27 de noviembre de 2019.- Ante la&hellip;<\/p>\n","protected":false},"author":2,"featured_media":6133,"comment_status":"closed","ping_status":"open","sticky":false,"template":"","format":"standard","meta":{"_lmt_disableupdate":"","_lmt_disable":"","_jetpack_memberships_contains_paid_content":false,"footnotes":""},"categories":[109,47],"tags":[545,546],"class_list":["post-6132","post","type-post","status-publish","format-standard","has-post-thumbnail","hentry","category-minuto-a-minuto","category-zona-gris","tag-santa-catarina-juquila","tag-santiago-yaitepec"],"jetpack_featured_media_url":"https:\/\/zonaroja.com.mx\/wp-content\/uploads\/2019\/11\/Plant\u00f3n-Juquila.jpg","jetpack_sharing_enabled":true,"_links":{"self":[{"href":"https:\/\/zonaroja.com.mx\/index.php?rest_route=\/wp\/v2\/posts\/6132","targetHints":{"allow":["GET"]}}],"collection":[{"href":"https:\/\/zonaroja.com.mx\/index.php?rest_route=\/wp\/v2\/posts"}],"about":[{"href":"https:\/\/zonaroja.com.mx\/index.php?rest_route=\/wp\/v2\/types\/post"}],"author":[{"embeddable":true,"href":"https:\/\/zonaroja.com.mx\/index.php?rest_route=\/wp\/v2\/users\/2"}],"replies":[{"embeddable":true,"href":"https:\/\/zonaroja.com.mx\/index.php?rest_route=%2Fwp%2Fv2%2Fcomments&post=6132"}],"version-history":[{"count":1,"href":"https:\/\/zonaroja.com.mx\/index.php?rest_route=\/wp\/v2\/posts\/6132\/revisions"}],"predecessor-version":[{"id":6134,"href":"https:\/\/zonaroja.com.mx\/index.php?rest_route=\/wp\/v2\/posts\/6132\/revisions\/6134"}],"wp:featuredmedia":[{"embeddable":true,"href":"https:\/\/zonaroja.com.mx\/index.php?rest_route=\/wp\/v2\/media\/6133"}],"wp:attachment":[{"href":"https:\/\/zonaroja.com.mx\/index.php?rest_route=%2Fwp%2Fv2%2Fmedia&parent=6132"}],"wp:term":[{"taxonomy":"category","embeddable":true,"href":"https:\/\/zonaroja.com.mx\/index.php?rest_route=%2Fwp%2Fv2%2Fcategories&post=6132"},{"taxonomy":"post_tag","embeddable":true,"href":"https:\/\/zonaroja.com.mx\/index.php?rest_route=%2Fwp%2Fv2%2Ftags&post=6132"}],"curies":[{"name":"wp","href":"https:\/\/api.w.org\/{rel}","templated":true}]}}