{"id":61321,"date":"2023-10-24T14:04:00","date_gmt":"2023-10-24T19:04:00","guid":{"rendered":"http:\/\/www.zonaroja.com.mx\/?p=61321"},"modified":"2023-10-24T09:10:23","modified_gmt":"2023-10-24T14:10:23","slug":"obtiene-poder-judicial-premio-por-creacion-delcentro-de-informacion-de-justicia-indigena","status":"publish","type":"post","link":"https:\/\/zonaroja.com.mx\/?p=61321","title":{"rendered":"Obtiene Poder Judicial premio por creaci\u00f3n delCentro de Informaci\u00f3n de Justicia Ind\u00edgena"},"content":{"rendered":"\n<p>Oaxaca de Ju\u00e1rez, Oax., a 24 de octubre de 2023.- Por la creaci\u00f3n del Centro de Informaci\u00f3n de Justicia Ind\u00edgena (CIJI),&nbsp;que re\u00fane en una plataforma digital datos sobre sistemas normativos, casos, sentencias, jurisprudencias y estudios realizados en comunidades, el Poder Judicial del Estado de Oaxaca, recibi\u00f3 un reconocimiento del&nbsp;Consejo&nbsp;Nacional de Evaluaci\u00f3n de la Pol\u00edtica de Desarrollo Social (Coneval).<\/p>\n\n\n\n<p>En&nbsp;la Ciudad de M\u00e9xico, en&nbsp;el marco del Seminario Buenas Pr\u00e1cticas de Monitoreo y Evaluaci\u00f3n en Entidades Federativas, Municipios y Sociedad Civil 2023, el galard\u00f3n fue entregado al magistrado presidente Eduardo Pinacho S\u00e1nchez.&nbsp;<\/p>\n\n\n\n<p>En la ceremonia se reconoci\u00f3 tambi\u00e9n al Poder Ejecutivo por obtener el puntaje m\u00e1s alto en el \u00edndice del \u201cDiagn\u00f3stico del Avance en Monitoreo y Evaluaci\u00f3n de las Entidades Federativas 2023\u201d,&nbsp;en materia de desempe\u00f1o y uso de evaluaci\u00f3n para medir y mejorar los resultados de las pol\u00edticas p\u00fablicas en materia de desarrollo social.<\/p>\n\n\n\n<p>Ante el&nbsp;secretario Ejecutivo del Coneval,&nbsp;Jos\u00e9 Nabor Cruz,&nbsp;el Magistrado&nbsp;Presidente&nbsp;indic\u00f3 que el CIJI es un plataforma digital creada a partir de la necesidad de visibilizar el derecho a la libre determinaci\u00f3n y su relaci\u00f3n con el acceso a la justicia para las personas, pueblos y comunidades ind\u00edgenas desde su cosmovisi\u00f3n.<\/p>\n\n\n\n<p>El proyecto es resultado del trabajo conjunto entre el Instituto Nacional de Pueblos Ind\u00edgenas (INPI), la Sala de Justicia&nbsp;Ind\u00edgena&nbsp;del Tribunal Superior de Justicia de Oaxaca, el Centro de Investigaciones y Estudios Superiores en Antropolog\u00eda Social y la Direcci\u00f3n de Derechos Humanos del Poder Judicial del Estado. &nbsp;<\/p>\n\n\n\n<p>Con el prop\u00f3sito de reconocer las mejores pr\u00e1cticas el&nbsp;Coneval otorga cada dos a\u00f1os el&nbsp;Reconocimiento Buenas pr\u00e1cticas de monitoreo y evaluaci\u00f3n en las entidades&nbsp;federativas, municipios y sociedad civil, siendo el de 2023 la sexta edici\u00f3n. Se&nbsp;postularon &nbsp;65&nbsp;pr\u00e1cticas&nbsp;de&nbsp;19 entidades federativas, 4 de municipios y 11&nbsp;de organizaciones de la sociedad civil.&nbsp;<\/p>\n","protected":false},"excerpt":{"rendered":"<p>Oaxaca de Ju\u00e1rez, Oax., a 24 de octubre de 2023.- Por la creaci\u00f3n del Centro&hellip;<\/p>\n","protected":false},"author":2,"featured_media":61303,"comment_status":"closed","ping_status":"open","sticky":false,"template":"","format":"standard","meta":{"_lmt_disableupdate":"","_lmt_disable":"","_jetpack_memberships_contains_paid_content":false,"footnotes":""},"categories":[109,46],"tags":[223],"class_list":["post-61321","post","type-post","status-publish","format-standard","has-post-thumbnail","hentry","category-minuto-a-minuto","category-zona-blanca","tag-poder-judicial-de-oaxaca"],"jetpack_featured_media_url":"https:\/\/zonaroja.com.mx\/wp-content\/uploads\/2023\/10\/El-magistrado-presidente-Eduardo-Pinacho-Sanchez-recibio-el-galardon.jpeg","jetpack_sharing_enabled":true,"_links":{"self":[{"href":"https:\/\/zonaroja.com.mx\/index.php?rest_route=\/wp\/v2\/posts\/61321","targetHints":{"allow":["GET"]}}],"collection":[{"href":"https:\/\/zonaroja.com.mx\/index.php?rest_route=\/wp\/v2\/posts"}],"about":[{"href":"https:\/\/zonaroja.com.mx\/index.php?rest_route=\/wp\/v2\/types\/post"}],"author":[{"embeddable":true,"href":"https:\/\/zonaroja.com.mx\/index.php?rest_route=\/wp\/v2\/users\/2"}],"replies":[{"embeddable":true,"href":"https:\/\/zonaroja.com.mx\/index.php?rest_route=%2Fwp%2Fv2%2Fcomments&post=61321"}],"version-history":[{"count":1,"href":"https:\/\/zonaroja.com.mx\/index.php?rest_route=\/wp\/v2\/posts\/61321\/revisions"}],"predecessor-version":[{"id":61322,"href":"https:\/\/zonaroja.com.mx\/index.php?rest_route=\/wp\/v2\/posts\/61321\/revisions\/61322"}],"wp:featuredmedia":[{"embeddable":true,"href":"https:\/\/zonaroja.com.mx\/index.php?rest_route=\/wp\/v2\/media\/61303"}],"wp:attachment":[{"href":"https:\/\/zonaroja.com.mx\/index.php?rest_route=%2Fwp%2Fv2%2Fmedia&parent=61321"}],"wp:term":[{"taxonomy":"category","embeddable":true,"href":"https:\/\/zonaroja.com.mx\/index.php?rest_route=%2Fwp%2Fv2%2Fcategories&post=61321"},{"taxonomy":"post_tag","embeddable":true,"href":"https:\/\/zonaroja.com.mx\/index.php?rest_route=%2Fwp%2Fv2%2Ftags&post=61321"}],"curies":[{"name":"wp","href":"https:\/\/api.w.org\/{rel}","templated":true}]}}