{"id":61323,"date":"2023-10-24T17:16:19","date_gmt":"2023-10-24T22:16:19","guid":{"rendered":"http:\/\/www.zonaroja.com.mx\/?p=61323"},"modified":"2023-10-24T17:16:21","modified_gmt":"2023-10-24T22:16:21","slug":"logran-condena-contra-sujeto-por-abuso-sexual-de-adolescente-en-oaxaca","status":"publish","type":"post","link":"https:\/\/zonaroja.com.mx\/?p=61323","title":{"rendered":"Logran condena contra sujeto por abus\u00f3 sexual de adolescente en Oaxaca"},"content":{"rendered":"\n<p>Redacci\u00f3n\/Zona Roja.&nbsp;<\/p>\n\n\n\n<p>Oaxaca de Ju\u00e1rez, Oax., a 24 de octubre de 2023.- &nbsp;Con el objetivo de que las v\u00edctimas de violencia sexual tengan pleno acceso a la justicia, la Fiscal\u00eda General del Estado de Oaxaca (FGEO) obtuvo fallo condenatorio en contra de Eduardo M. S., responsable de la comisi\u00f3n del delito de Abuso Sexual Agravado, en perjuicio de una adolescentes (cuya identidad est\u00e1 reservada por ley), en hechos ocurridos en la regi\u00f3n de la Cuenca del Papaloapan.<\/p>\n\n\n\n<p>Los hechos ocurrieron el 27 de julio de 2021, cuando la v\u00edctima (que en ese momento ten\u00eda 13 a\u00f1os de edad) se encontraba en su domicilio, ubicado en la localidad de Playa Lim\u00f3n, Santiago Jocotepec, a donde lleg\u00f3 el agresor, quien tuvo conductas delictivas que constituyen la comisi\u00f3n del delito de Abuso Sexual Agravado, de acuerdo con el C\u00f3digo Penal vigente en Oaxaca.<\/p>\n\n\n\n<p>La FGEO tom\u00f3 conocimiento del caso, a trav\u00e9s de las \u00e1reas especializadas en delitos sexuales de la Vicefiscal\u00eda Regional de la Cuenca, por lo que, derivado de las investigaciones, se obtuvo una orden de aprehensi\u00f3n contra el responsable.<\/p>\n\n\n\n<p>Luego de reunir las pruebas para demostrar la responsabilidad del imputado, la Fiscal\u00eda las entreg\u00f3 a los jueces, quienes luego de evaluarlas, durante la audiencia de fallo deliberatorio e individualizaci\u00f3n de sanciones, dictaron fallo condenatorio en contra de Eduardo M. S. por su responsabilidad en la comisi\u00f3n del delito de Abuso Sexual Agravado.<\/p>\n\n\n\n<p>La protecci\u00f3n de los derechos de ni\u00f1as, ni\u00f1os y adolescentes, es parte fundamental de los trabajos de procuraci\u00f3n de justicia a favor de las v\u00edctimas que realiza diariamente la Fiscal\u00eda de Oaxaca.<\/p>\n","protected":false},"excerpt":{"rendered":"<p>Redacci\u00f3n\/Zona Roja.&nbsp; Oaxaca de Ju\u00e1rez, Oax., a 24 de octubre de 2023.- &nbsp;Con el objetivo&hellip;<\/p>\n","protected":false},"author":2,"featured_media":55445,"comment_status":"closed","ping_status":"open","sticky":false,"template":"","format":"standard","meta":{"_lmt_disableupdate":"","_lmt_disable":"","_jetpack_memberships_contains_paid_content":false,"footnotes":""},"categories":[109,46],"tags":[494],"class_list":["post-61323","post","type-post","status-publish","format-standard","has-post-thumbnail","hentry","category-minuto-a-minuto","category-zona-blanca","tag-fiscalia-general-del-estado-de-oaxaca"],"jetpack_featured_media_url":"https:\/\/zonaroja.com.mx\/wp-content\/uploads\/2023\/05\/Agresion-abuso-sexual-menores.webp","jetpack_sharing_enabled":true,"_links":{"self":[{"href":"https:\/\/zonaroja.com.mx\/index.php?rest_route=\/wp\/v2\/posts\/61323","targetHints":{"allow":["GET"]}}],"collection":[{"href":"https:\/\/zonaroja.com.mx\/index.php?rest_route=\/wp\/v2\/posts"}],"about":[{"href":"https:\/\/zonaroja.com.mx\/index.php?rest_route=\/wp\/v2\/types\/post"}],"author":[{"embeddable":true,"href":"https:\/\/zonaroja.com.mx\/index.php?rest_route=\/wp\/v2\/users\/2"}],"replies":[{"embeddable":true,"href":"https:\/\/zonaroja.com.mx\/index.php?rest_route=%2Fwp%2Fv2%2Fcomments&post=61323"}],"version-history":[{"count":1,"href":"https:\/\/zonaroja.com.mx\/index.php?rest_route=\/wp\/v2\/posts\/61323\/revisions"}],"predecessor-version":[{"id":61324,"href":"https:\/\/zonaroja.com.mx\/index.php?rest_route=\/wp\/v2\/posts\/61323\/revisions\/61324"}],"wp:featuredmedia":[{"embeddable":true,"href":"https:\/\/zonaroja.com.mx\/index.php?rest_route=\/wp\/v2\/media\/55445"}],"wp:attachment":[{"href":"https:\/\/zonaroja.com.mx\/index.php?rest_route=%2Fwp%2Fv2%2Fmedia&parent=61323"}],"wp:term":[{"taxonomy":"category","embeddable":true,"href":"https:\/\/zonaroja.com.mx\/index.php?rest_route=%2Fwp%2Fv2%2Fcategories&post=61323"},{"taxonomy":"post_tag","embeddable":true,"href":"https:\/\/zonaroja.com.mx\/index.php?rest_route=%2Fwp%2Fv2%2Ftags&post=61323"}],"curies":[{"name":"wp","href":"https:\/\/api.w.org\/{rel}","templated":true}]}}