{"id":61329,"date":"2023-10-24T18:30:36","date_gmt":"2023-10-24T23:30:36","guid":{"rendered":"http:\/\/www.zonaroja.com.mx\/?p=61329"},"modified":"2023-10-24T18:30:38","modified_gmt":"2023-10-24T23:30:38","slug":"organizacion-de-autoridades-de-la-sierra-de-oaxaca-logra-rfc-ante-el-sat","status":"publish","type":"post","link":"https:\/\/zonaroja.com.mx\/?p=61329","title":{"rendered":"Organizaci\u00f3n de autoridades de la sierra de Oaxaca logra RFC ante el SAT"},"content":{"rendered":"\n<p>Redacci\u00f3n\/Zona Roja.<\/p>\n\n\n\n<p>Oaxaca de Ju\u00e1rez, Oax., a 24 de octubre de 2023.- En pleno ejercicio de su libre determinaci\u00f3n y autonom\u00eda en el \u00e1mbito regional, la Uni\u00f3n Liberal de Ayuntamientos del Distrito de Ixtl\u00e1n, (ULADI) obtuvo su Registro Federal de Contribuyentes (RFC), ante el Servicio de Administraci\u00f3n Tributaria (SAT), lo que les permitir\u00e1 fortalecer su organizaci\u00f3n comunitaria.<\/p>\n\n\n\n<p>En la comunidad de San Juan Quiotepec \u2013que en lengua n\u00e1huatl significa \u201ccerro donde crece la flor del maguey\u201d\u2013, se desarroll\u00f3 la primera reuni\u00f3n de trabajo entre autoridades ind\u00edgenas y representantes de diversas dependencias del Gobierno de M\u00e9xico.<\/p>\n\n\n\n<p>En la bienvenida, el presidente municipal de San Juan Quiotepec y tambi\u00e9n presidente de la ULADI, Rafael Vel\u00e1squez Garc\u00eda, comparti\u00f3 con la asamblea la noticia de que como organizaci\u00f3n alcanzaron un logro hist\u00f3rico al obtener su su RFC), por lo cual agradeci\u00f3 el apoyo del Instituto Nacional de los Pueblos Ind\u00edgenas (INPI) en esta ardua gesti\u00f3n.<\/p>\n\n\n\n<p>AVANZA PLAN<\/p>\n\n\n\n<p>En tanto el director general del INPI, Adelfo Regino Montes, destac\u00f3 que el Plan de Desarrollo de los Pueblos Chinanteco y Zapoteco responde a la realidad que viven las comunidades y municipios, ya que en \u00e9l se han planteado alternativas de soluci\u00f3n a sus problem\u00e1ticas.<\/p>\n\n\n\n<p>Anunci\u00f3 que ya fue enviado el Presupuesto de Egresos de la Federaci\u00f3n (PEF) para el a\u00f1o 2024, y \u201cseguramente, alguno de estos recursos se deber\u00e1 destinar a la implementaci\u00f3n de este Plan de Desarrollo\u201d.<\/p>\n\n\n\n<p>Agradeci\u00f3 la gesti\u00f3n hecha por la ULADI, para obtener su RFC de car\u00e1cter regional, documento que servir\u00e1 para que puedan recibir recursos p\u00fablicos directamente y los puedan ejercer a nivel regional.<\/p>\n\n\n\n<p>Esto, dijo, es sin duda un paso que fortalece su organizaci\u00f3n y los consolida como un ejemplo a nivel comunitario y regional, por lo que el Gobierno de M\u00e9xico seguir\u00e1 acompa\u00f1ando este proceso junto con las otras dependencias.<\/p>\n\n\n\n<p>COMEDOR COMUNITARIO<\/p>\n\n\n\n<p>En su visita a la comunidad, el director general del INPI recibi\u00f3 una solicitud para implementar un\u00a0 Comedor Comunitario del Estudiante Ind\u00edgena en el plantel 201 del Instituto de Estudios de Bachillerato del Estado de Oaxaca (IEBO), ubicado en San Juan Quiotepec, la respuesta fue favorable y beneficiar\u00e1 a 75 adolescentes y j\u00f3venes, contar\u00e1 con el apoyo de un coordinador o coordinadora, una promotora o promotor de lengua materna\u00a0 y dos ec\u00f3nomas; el servicio iniciar\u00e1 el 1 de noviembre del presente a\u00f1o.<\/p>\n\n\n\n<figure class=\"wp-block-image size-full\"><a href=\"http:\/\/www.zonaroja.com.mx\/wp-content\/uploads\/2023\/10\/Inpi-Adelfo-Regino-montes.jpg\" data-rel=\"penci-gallery-image-content\" ><img decoding=\"async\" width=\"1024\" height=\"768\" src=\"http:\/\/www.zonaroja.com.mx\/wp-content\/uploads\/2023\/10\/Inpi-Adelfo-Regino-montes.jpg\" alt=\"\" class=\"wp-image-61330\" srcset=\"https:\/\/zonaroja.com.mx\/wp-content\/uploads\/2023\/10\/Inpi-Adelfo-Regino-montes.jpg 1024w, https:\/\/zonaroja.com.mx\/wp-content\/uploads\/2023\/10\/Inpi-Adelfo-Regino-montes-300x225.jpg 300w, https:\/\/zonaroja.com.mx\/wp-content\/uploads\/2023\/10\/Inpi-Adelfo-Regino-montes-768x576.jpg 768w, https:\/\/zonaroja.com.mx\/wp-content\/uploads\/2023\/10\/Inpi-Adelfo-Regino-montes-585x439.jpg 585w\" sizes=\"(max-width: 1024px) 100vw, 1024px\" \/><\/a><\/figure>\n\n\n\n<p>Entre los principales acuerdos alcanzados, en la mesa de turismo y econom\u00eda, las autoridades que cuentan con servicios tur\u00edsticos acordaron hacer ferias tur\u00edsticas regionales y realizar planes de negocios para fortalecer y ampliar su oferta tur\u00edstica; asimismo efectuar capacitaciones en atenci\u00f3n al cliente y manejo de empresas comunitarias.<\/p>\n\n\n\n<p>En la mesa de infraestructura se priorizaron algunas obras entre las que se encuentran la ampliaci\u00f3n y modernizaci\u00f3n de la carretera federal 175, de Oaxaca de Ju\u00e1rez \u2013 Tuxtepec, primera etapa, subtramo Oaxaca de Ju\u00e1rez \u2013 Ixtl\u00e1n de Ju\u00e1rez, (60 km); la reubicaci\u00f3n de viviendas en el Municipio de Teococuilco de Marcos P\u00e9rez, entre otras acciones.<\/p>\n\n\n\n<p>Asimismo, se realizar\u00e1 una visita el pr\u00f3ximo viernes 27 de octubre al camino de San Pedro Yaneri, para supervisar los da\u00f1os tras la ca\u00edda de un puente, este recorrido se har\u00e1 con personal de SICT.&nbsp;<\/p>\n\n\n\n<p>En la mesa de cultura y educaci\u00f3n se acord\u00f3 dar seguimiento a la solicitud de rehabilitaci\u00f3n del templo de Santa Catarina Ixtepeji y el de Santa Catarina Lachatao, as\u00ed como a la solicitud de diversos proyectos musicales de impacto en la ni\u00f1ez y juventud ind\u00edgena.<\/p>\n\n\n\n<p>En el tema de salud se acord\u00f3 realizar un diagn\u00f3stico en las comunidades que permita conocer el estado f\u00edsico y t\u00e9cnico de los centros de salud, la informaci\u00f3n para el diagn\u00f3stico la enviar\u00e1n los municipios el lunes 30 de octubre del 2023, dirigida al director general del INPI, a trav\u00e9s del presidente de la ULADI, para presentarlo al Sector Salud.<\/p>\n\n\n\n<p>M\u00c1S ACCIONES<\/p>\n\n\n\n<p>El supervisor de Acci\u00f3n Comunitaria del IMSS Bienestar, Guilebaldo Edgardo Taboala V\u00e1squez, inform\u00f3 que el pr\u00f3ximo a\u00f1o se van a incorporar los hospitales de la Secretar\u00eda de Salud del estado de Oaxaca y se federalizar\u00e1n incorpor\u00e1ndolos al IMSS BIENESTAR, por lo cual el hospital de Ixtl\u00e1n de Ju\u00e1rez probablemente quedar\u00e1 incluido en este proceso, acto seguido, se comprometi\u00f3 en dar seguimiento a los planteamientos hechos en la reuni\u00f3n.<\/p>\n\n\n\n<p>La coordinadora de CONAVI en Oaxaca, Mayra V\u00e1squez Licona, inform\u00f3 que los 26 municipios que integran la ULADI enviar\u00e1n una solicitud de mejoramiento de vivienda a trav\u00e9s del INPI; por otro lado, adelant\u00f3 que el 10 de noviembre tendr\u00e1 una reuni\u00f3n con la comunidad de Teococuilco de Marcos P\u00e9rez para la reubicaci\u00f3n de las familias.<\/p>\n\n\n\n<p>El director ejecutivo de Caminos Rurales y Alimentadores de la SICT, Javier Soto Ventura, inform\u00f3 que hasta el momento se han terminado 141 caminos en el estado de Oaxaca y este a\u00f1o hay 65 caminos en proceso de los que se pretende terminar 40 en 2023, se comprometi\u00f3 a atender las solicitudes emitidas en las mesas de trabajo.<\/p>\n\n\n\n<p>La directora de Agua Potable Drenaje y Saneamiento de CONAGUA, Enedina Cruz Bautista, inform\u00f3 que se les har\u00e1 llegar a las autoridades la lista de priorizaci\u00f3n de expedientes para que las revisen, invit\u00f3 a que se acerquen a las oficinas para aclarar sus dudas y planteamientos.<\/p>\n\n\n\n<p>El director general del INPI anunci\u00f3 que antes del 21 de marzo se terminar\u00e1 el camino de Benito Ju\u00e1rez, el cual se ha ampliado hasta Capul\u00e1lpam de M\u00e9ndez, lo que fortalecer\u00e1 la econom\u00eda en la Sierra Ju\u00e1rez.<\/p>\n\n\n\n<p>Antes de concluir la asamblea la directiva de ULADI, plante\u00f3 la solicitud para que se implemente un comedor universitario en la Universidad de la Sierra Ju\u00e1rez, UNSIJ, Regino Montes recibi\u00f3 la solicitud y expres\u00f3 que se puede empezar con los estudiantes de comunidades aleda\u00f1as a Ixtl\u00e1n de Ju\u00e1rez.<\/p>\n","protected":false},"excerpt":{"rendered":"<p>Redacci\u00f3n\/Zona Roja. Oaxaca de Ju\u00e1rez, Oax., a 24 de octubre de 2023.- En pleno ejercicio&hellip;<\/p>\n","protected":false},"author":2,"featured_media":61331,"comment_status":"closed","ping_status":"open","sticky":false,"template":"","format":"standard","meta":{"_lmt_disableupdate":"","_lmt_disable":"","_jetpack_memberships_contains_paid_content":false,"footnotes":""},"categories":[109,46],"tags":[557,3683],"class_list":["post-61329","post","type-post","status-publish","format-standard","has-post-thumbnail","hentry","category-minuto-a-minuto","category-zona-blanca","tag-adelfo-regino-montes","tag-instituto-nacional-de-pueblos-indigenas-inpi"],"jetpack_featured_media_url":"https:\/\/zonaroja.com.mx\/wp-content\/uploads\/2023\/10\/INPI-Adelfo-Regino-Quiotepec.jpg","jetpack_sharing_enabled":true,"_links":{"self":[{"href":"https:\/\/zonaroja.com.mx\/index.php?rest_route=\/wp\/v2\/posts\/61329","targetHints":{"allow":["GET"]}}],"collection":[{"href":"https:\/\/zonaroja.com.mx\/index.php?rest_route=\/wp\/v2\/posts"}],"about":[{"href":"https:\/\/zonaroja.com.mx\/index.php?rest_route=\/wp\/v2\/types\/post"}],"author":[{"embeddable":true,"href":"https:\/\/zonaroja.com.mx\/index.php?rest_route=\/wp\/v2\/users\/2"}],"replies":[{"embeddable":true,"href":"https:\/\/zonaroja.com.mx\/index.php?rest_route=%2Fwp%2Fv2%2Fcomments&post=61329"}],"version-history":[{"count":1,"href":"https:\/\/zonaroja.com.mx\/index.php?rest_route=\/wp\/v2\/posts\/61329\/revisions"}],"predecessor-version":[{"id":61332,"href":"https:\/\/zonaroja.com.mx\/index.php?rest_route=\/wp\/v2\/posts\/61329\/revisions\/61332"}],"wp:featuredmedia":[{"embeddable":true,"href":"https:\/\/zonaroja.com.mx\/index.php?rest_route=\/wp\/v2\/media\/61331"}],"wp:attachment":[{"href":"https:\/\/zonaroja.com.mx\/index.php?rest_route=%2Fwp%2Fv2%2Fmedia&parent=61329"}],"wp:term":[{"taxonomy":"category","embeddable":true,"href":"https:\/\/zonaroja.com.mx\/index.php?rest_route=%2Fwp%2Fv2%2Fcategories&post=61329"},{"taxonomy":"post_tag","embeddable":true,"href":"https:\/\/zonaroja.com.mx\/index.php?rest_route=%2Fwp%2Fv2%2Ftags&post=61329"}],"curies":[{"name":"wp","href":"https:\/\/api.w.org\/{rel}","templated":true}]}}