{"id":61338,"date":"2023-10-24T22:13:30","date_gmt":"2023-10-25T03:13:30","guid":{"rendered":"http:\/\/www.zonaroja.com.mx\/?p=61338"},"modified":"2023-10-24T22:13:32","modified_gmt":"2023-10-25T03:13:32","slug":"tras-exhibida-organismo-del-gobierno-estatal-atiende-socavon-en-la-capital","status":"publish","type":"post","link":"https:\/\/zonaroja.com.mx\/?p=61338","title":{"rendered":"Tras exhibida, organismo del gobierno estatal atiende socav\u00f3n en la capital"},"content":{"rendered":"\n<p>Ismael Garc\u00eda M.\/Zona Roja.<\/p>\n\n\n\n<p>Oaxaca de Ju\u00e1rez, Oax., a 24 de octubre de 2023.- Luego de una semana de abierto el socav\u00f3n en el Centro Hist\u00f3rico de la ciudad de Oaxaca, activistas exhibieron al ayuntamiento local y al organismo Servicios Operador de Agua Potable y Alcantarillado (SOAPA) del gobierno.<\/p>\n\n\n\n<p>Con una parodia acerca de un altar por el D\u00eda de Muertos, integrantes del colectivo \u201cSalvando Vidas\u201d protestaron este mediod\u00eda en la cuarta calle de Armenta y L\u00f3pez, entre Col\u00f3n y Ray\u00f3n, a tres cuadras del z\u00f3calo.<\/p>\n\n\n\n<p>Incluso, uno de los inconformes, Manuel Ch\u00e1vez \u2014que continuamente recorre las calles de la capital para reparar desperfectos\u2014 se introdujo el agujero, de unos 70 cent\u00edmetros de profundidad, para destacar el grave peligro para transe\u00fantes y automovilistas.<\/p>\n\n\n\n<p>Tras ello, de manera emergente elementos de la polic\u00eda vial del ayuntamiento arribaron para supuestamente evitar alg\u00fan percance; no obstante, d\u00edas atr\u00e1s ya hab\u00edan ocurrido varios accidentes y ca\u00edda de llantas de veh\u00edculos en el hoyanco.<\/p>\n\n\n\n<p>\u201cYa tiene m\u00e1s de una semana; han ca\u00eddo taxis, carros particulares, motocicletas; entonces nosotros como oaxaque\u00f1os merecemos una movilidad segura\u201d, dijo Manuel Ch\u00e1vez.<\/p>\n\n\n\n<p>Lament\u00f3 que el organismo SOAPA, a cargo de Omar P\u00e9rez Ben\u00edtez, no destine obras para la reparaci\u00f3n de registros; \u201cno ha habido esa empat\u00eda con la ciudadan\u00eda; son registros a\u00f1ejos y no se les ha dado soluci\u00f3n\u201d, dijo el activista.<\/p>\n\n\n\n<p>\u201cNo s\u00e9 si \u00e9l espera que muera alguien para que le den soluci\u00f3n a estos registros\u201d, dijo.<\/p>\n\n\n\n<p>Por la tarde y a trav\u00e9s de las redes sociales, el organismo inform\u00f3: \u201cEl personal t\u00e9cnico realiz\u00f3 la inspecci\u00f3n correspondiente para determinar los trabajos a realizar en esa zona\u201d; tras ello, los trabajadores se retiraron.<\/p>\n","protected":false},"excerpt":{"rendered":"<p>Ismael Garc\u00eda M.\/Zona Roja. Oaxaca de Ju\u00e1rez, Oax., a 24 de octubre de 2023.- Luego&hellip;<\/p>\n","protected":false},"author":2,"featured_media":61340,"comment_status":"closed","ping_status":"open","sticky":false,"template":"","format":"standard","meta":{"_lmt_disableupdate":"","_lmt_disable":"","_jetpack_memberships_contains_paid_content":false,"footnotes":""},"categories":[109,47],"tags":[148],"class_list":["post-61338","post","type-post","status-publish","format-standard","has-post-thumbnail","hentry","category-minuto-a-minuto","category-zona-gris","tag-oaxaca-de-juarez"],"jetpack_featured_media_url":"https:\/\/zonaroja.com.mx\/wp-content\/uploads\/2023\/10\/Socavon-centro-ciudad-de-Oaxaca.jpg","jetpack_sharing_enabled":true,"_links":{"self":[{"href":"https:\/\/zonaroja.com.mx\/index.php?rest_route=\/wp\/v2\/posts\/61338","targetHints":{"allow":["GET"]}}],"collection":[{"href":"https:\/\/zonaroja.com.mx\/index.php?rest_route=\/wp\/v2\/posts"}],"about":[{"href":"https:\/\/zonaroja.com.mx\/index.php?rest_route=\/wp\/v2\/types\/post"}],"author":[{"embeddable":true,"href":"https:\/\/zonaroja.com.mx\/index.php?rest_route=\/wp\/v2\/users\/2"}],"replies":[{"embeddable":true,"href":"https:\/\/zonaroja.com.mx\/index.php?rest_route=%2Fwp%2Fv2%2Fcomments&post=61338"}],"version-history":[{"count":1,"href":"https:\/\/zonaroja.com.mx\/index.php?rest_route=\/wp\/v2\/posts\/61338\/revisions"}],"predecessor-version":[{"id":61341,"href":"https:\/\/zonaroja.com.mx\/index.php?rest_route=\/wp\/v2\/posts\/61338\/revisions\/61341"}],"wp:featuredmedia":[{"embeddable":true,"href":"https:\/\/zonaroja.com.mx\/index.php?rest_route=\/wp\/v2\/media\/61340"}],"wp:attachment":[{"href":"https:\/\/zonaroja.com.mx\/index.php?rest_route=%2Fwp%2Fv2%2Fmedia&parent=61338"}],"wp:term":[{"taxonomy":"category","embeddable":true,"href":"https:\/\/zonaroja.com.mx\/index.php?rest_route=%2Fwp%2Fv2%2Fcategories&post=61338"},{"taxonomy":"post_tag","embeddable":true,"href":"https:\/\/zonaroja.com.mx\/index.php?rest_route=%2Fwp%2Fv2%2Ftags&post=61338"}],"curies":[{"name":"wp","href":"https:\/\/api.w.org\/{rel}","templated":true}]}}