{"id":61344,"date":"2023-10-25T09:30:00","date_gmt":"2023-10-25T14:30:00","guid":{"rendered":"http:\/\/www.zonaroja.com.mx\/?p=61344"},"modified":"2023-10-25T08:04:10","modified_gmt":"2023-10-25T13:04:10","slug":"en-fast-track-aprueba-el-senado-extinguir-fideicomisos-del-poder-judicial","status":"publish","type":"post","link":"https:\/\/zonaroja.com.mx\/?p=61344","title":{"rendered":"En \u201cfast track\u201d, aprueba el Senado extinguir fideicomisos del Poder Judicial"},"content":{"rendered":"\n<p>Redacci\u00f3n\/Zona Roja.<\/p>\n\n\n\n<p>Oaxaca de Ju\u00e1rez, Oax., a 25 de octubre de 2023.- El Senado aprob\u00f3 esta madrugada la minuta por la que desaparecen 13 fideicomisos del Poder Judicial de la Federaci\u00f3n (PJF), con el voto de la mayor parte de los legisladores de Morena y sus aliados.<\/p>\n\n\n\n<p>Despu\u00e9s de m\u00e1s de siete horas de debate, se turn\u00f3 al Ejecutivo federal para su promulgaci\u00f3n.<\/p>\n\n\n\n<p>El frente opositor repiti\u00f3 una y otra vez que se trata de \u201cuna venganza\u201d contra la Suprema Corte que lesionar\u00e1 a 55 mil trabajadores, y desde el partido guinda los desmintieron y se\u00f1alaron que los m\u00e1s de 15 mil millones de pesos que integran esos instrumentos son para una minor\u00eda privilegiada.<\/p>\n\n\n\n<p>La senadora de Morena y ministra en retiro Olga S\u00e1nchez Cordero voto en contra, y en la tribuna, demand\u00f3 modificar el dictamen y salvar cinco de los 13 fideicomisos, los que, sostuvo, incluyen aportaciones de los trabajadores. Esos argumentos contrastaron con los de sus compa\u00f1eros, entre ellos de C\u00e9sar Cravioto, quien sostuvo que los fondos no s\u00f3lo son guardaditos de la Corte, sino que los utilizan para ganar intereses.<\/p>\n\n\n\n<p>Cravioto advirti\u00f3 que el plan de prestaciones m\u00e9dicas complementarias, que S\u00e1nchez Cordero pidi\u00f3 salvar, tiene 2 mil 972 millones de pesos y s\u00f3lo lo utiliz\u00f3 una persona en 2022. Expuso asimismo que el de pensiones complementarias para mandos medios y superiores, adem\u00e1s de operativos de la Suprema Corte, tiene la \u201cfriolera\u201d de 2 mil 972 millones de pesos, y s\u00f3lo apoya a 184 personas, no a 55 mil.<\/p>\n\n\n\n<p>Insisti\u00f3 en que es falso que se beneficie a trabajadores del ramo, toda vez que la mayor\u00eda de los fondos han ido aumentando en lugar de disminuir, y cada a\u00f1o el PJF pide presupuesto para pensiones complementarias y otras prestaciones, o sea, \u201cdobletean\u201d, lo cual, dijo, \u201ces una sinverg\u00fcenzada\u201d.<\/p>\n\n\n\n<p>Ejemplific\u00f3 con el fideicomiso para pensiones complementarias de mandos medios, que en 2013 ten\u00eda mil 790 millones de pesos y hoy acumula 2 mil 900 millones. Son datos, aclar\u00f3, de un documento que les mand\u00f3 la propia presidenta de la Corte, Norma Pi\u00f1a.<\/p>\n\n\n\n<p>Fue un debate en el que se impuso el tema electoral; la panista X\u00f3chitl G\u00e1lvez present\u00f3 una moci\u00f3n suspensiva y al igual que una veintena de sus compa\u00f1eros de partido, aprovech\u00f3 para criticar al presidente Andr\u00e9s Manuel L\u00f3pez Obrador y sostener que ganar\u00e1n las elecciones de 2024.<\/p>\n\n\n\n<p>Los coordinadores de los tres partidos del frente opositor, Julen Rementer\u00eda (PAN), Manuel A\u00f1orve (PRI) y Miguel \u00c1ngel Mancera (PRD) asumieron la defensa de los fideicomisos del Poder Judicial, y junto con otros integrantes de sus bancadas insistieron en que los fideicomisos son legales y todo es una venganza del Presidente de la Rep\u00fablica contra Norma Pi\u00f1a.<\/p>\n\n\n\n<p>Por la ma\u00f1ana, la minuta se aprob\u00f3 en las comisiones de Hacienda y de Estudios Legislativos Segunda, cuyos presidentes, Ernesto P\u00e9rez Astorga y Rafael Espino, se abstuvieron; el segundo argument\u00f3 en contra del dictamen. Tuvieron una conducci\u00f3n err\u00e1tica e incluso permitieron que hiciera uso de la palabra el dirigente de los trabajadores del Poder Judicial,Gilberto Gonz\u00e1lez, quien cuestion\u00f3 a los legisladores si la decisi\u00f3n que iban a tomar era t\u00e9cnica o pol\u00edtica.<\/p>\n\n\n\n<p>En la votaci\u00f3n en lo general ante el pleno la minuta se aprob\u00f3 con 67 votos en favor y 48 en contra. Adem\u00e1s de S\u00e1nchez Cordero, se opusieron otros morenistas, entre ellos Espino y Alejandro Rojas D\u00edaz Dur\u00e1n.<\/p>\n\n\n\n<p>La oposici\u00f3n amenaz\u00f3 que interpondr\u00e1 recursos ante la Corte para echarla abajo, como han hecho con otras 30 leyes.<\/p>\n\n\n\n<p>(Informaci\u00f3n de \u201cLa Jornada\u201d)<\/p>\n","protected":false},"excerpt":{"rendered":"<p>Redacci\u00f3n\/Zona Roja. Oaxaca de Ju\u00e1rez, Oax., a 25 de octubre de 2023.- El Senado aprob\u00f3&hellip;<\/p>\n","protected":false},"author":2,"featured_media":61345,"comment_status":"closed","ping_status":"open","sticky":false,"template":"","format":"standard","meta":{"_lmt_disableupdate":"","_lmt_disable":"","_jetpack_memberships_contains_paid_content":false,"footnotes":""},"categories":[109,47],"tags":[771],"class_list":["post-61344","post","type-post","status-publish","format-standard","has-post-thumbnail","hentry","category-minuto-a-minuto","category-zona-gris","tag-senado-de-la-republica"],"jetpack_featured_media_url":"https:\/\/zonaroja.com.mx\/wp-content\/uploads\/2023\/10\/Sesion-Senado-de-la-Republica.jpeg","jetpack_sharing_enabled":true,"_links":{"self":[{"href":"https:\/\/zonaroja.com.mx\/index.php?rest_route=\/wp\/v2\/posts\/61344","targetHints":{"allow":["GET"]}}],"collection":[{"href":"https:\/\/zonaroja.com.mx\/index.php?rest_route=\/wp\/v2\/posts"}],"about":[{"href":"https:\/\/zonaroja.com.mx\/index.php?rest_route=\/wp\/v2\/types\/post"}],"author":[{"embeddable":true,"href":"https:\/\/zonaroja.com.mx\/index.php?rest_route=\/wp\/v2\/users\/2"}],"replies":[{"embeddable":true,"href":"https:\/\/zonaroja.com.mx\/index.php?rest_route=%2Fwp%2Fv2%2Fcomments&post=61344"}],"version-history":[{"count":1,"href":"https:\/\/zonaroja.com.mx\/index.php?rest_route=\/wp\/v2\/posts\/61344\/revisions"}],"predecessor-version":[{"id":61346,"href":"https:\/\/zonaroja.com.mx\/index.php?rest_route=\/wp\/v2\/posts\/61344\/revisions\/61346"}],"wp:featuredmedia":[{"embeddable":true,"href":"https:\/\/zonaroja.com.mx\/index.php?rest_route=\/wp\/v2\/media\/61345"}],"wp:attachment":[{"href":"https:\/\/zonaroja.com.mx\/index.php?rest_route=%2Fwp%2Fv2%2Fmedia&parent=61344"}],"wp:term":[{"taxonomy":"category","embeddable":true,"href":"https:\/\/zonaroja.com.mx\/index.php?rest_route=%2Fwp%2Fv2%2Fcategories&post=61344"},{"taxonomy":"post_tag","embeddable":true,"href":"https:\/\/zonaroja.com.mx\/index.php?rest_route=%2Fwp%2Fv2%2Ftags&post=61344"}],"curies":[{"name":"wp","href":"https:\/\/api.w.org\/{rel}","templated":true}]}}