{"id":61347,"date":"2023-10-25T08:23:35","date_gmt":"2023-10-25T13:23:35","guid":{"rendered":"http:\/\/www.zonaroja.com.mx\/?p=61347"},"modified":"2023-10-25T08:23:38","modified_gmt":"2023-10-25T13:23:38","slug":"a-las-0025-horas-toco-tierra-huracan-categoria-5-en-acapulco-hay-cuantiosos-danos","status":"publish","type":"post","link":"https:\/\/zonaroja.com.mx\/?p=61347","title":{"rendered":"A las 00:25 horas toc\u00f3 tierra hurac\u00e1n categor\u00eda 5 en Acapulco; hay cuantiosos da\u00f1os"},"content":{"rendered":"\n<p>Redacci\u00f3n\/Zona Roja Cdmx.<\/p>\n\n\n\n<p>Ciudad de M\u00e9xico, a 25 de octubre de 2023.- Con vientos sostenidos de 215 kil\u00f3metros por hora, a las 00:25 horas de este mi\u00e9rcoles toc\u00f3 tierra el hurac\u00e1n \u201cOtis\u201d, de categor\u00eda cinco.<\/p>\n\n\n\n<p>A su paso ha dejado cuantiosos da\u00f1os materiales en la zona hotelera y en la ciudad en general, adem\u00e1s de \u00e1reas colindantes; alrededor de las 06:00 horas se degrad\u00f3 a categor\u00eda dos pero contin\u00faa sobre el puerto y representa un grave riesgo para la poblaci\u00f3n costera.<\/p>\n\n\n\n<p>Por el momento hay inundaciones y cientos de destrozos como cristales rotos y objetos disparados por el aire; hasta el momento no hay reporte de v\u00edctimas.<\/p>\n\n\n\n<p>Seg\u00fan narraciones de periodistas, turistas y otros afectados, el que podr\u00eda ser el hurac\u00e1n de mayor impacto en el Pac\u00edfico&nbsp;mexicano desde que hay registros est\u00e1 provocando fuertes estruendos por la furia del viento que hace volar cosas, como sombrillas, mientras las lluvias torrenciales inundan edificios y causan grandes destrozos en Acapulco, ciudad de unos 800 mil habitantes situada en el estado de Guerrero.<\/p>\n\n\n\n<p>En menos de 24 horas, \u201cOtis\u201d pas\u00f3 de ser una tormenta tropical a un hurac\u00e1n de categor\u00eda cinco, la m\u00e1s alta de estos fen\u00f3menos naturales, con direcci\u00f3n a las costas de Guerrero, afectando a zonas densamente pobladas, lo cual ha alertado a autoridades municipales, estatales y federales.<\/p>\n\n\n\n<p>De acuerdo con la Coordinaci\u00f3n Nacional de Protecci\u00f3n Civil, \u201cOtis\u201d contin\u00faa esta ma\u00f1ana en tierra, a 50 kil\u00f3metros al sur-sureste de San Miguel Totolapan y a 100 kil\u00f3metros al noroeste de Acapulco y se contin\u00faa debilitando gradualmente.<\/p>\n","protected":false},"excerpt":{"rendered":"<p>Redacci\u00f3n\/Zona Roja Cdmx. Ciudad de M\u00e9xico, a 25 de octubre de 2023.- Con vientos sostenidos&hellip;<\/p>\n","protected":false},"author":2,"featured_media":61349,"comment_status":"closed","ping_status":"open","sticky":false,"template":"","format":"standard","meta":{"_lmt_disableupdate":"","_lmt_disable":"","_jetpack_memberships_contains_paid_content":false,"footnotes":""},"categories":[109,47],"tags":[3713],"class_list":["post-61347","post","type-post","status-publish","format-standard","has-post-thumbnail","hentry","category-minuto-a-minuto","category-zona-gris","tag-huracan-otis"],"jetpack_featured_media_url":"https:\/\/zonaroja.com.mx\/wp-content\/uploads\/2023\/10\/Danos-huracan-Otis-Acapulco-1.jpg","jetpack_sharing_enabled":true,"_links":{"self":[{"href":"https:\/\/zonaroja.com.mx\/index.php?rest_route=\/wp\/v2\/posts\/61347","targetHints":{"allow":["GET"]}}],"collection":[{"href":"https:\/\/zonaroja.com.mx\/index.php?rest_route=\/wp\/v2\/posts"}],"about":[{"href":"https:\/\/zonaroja.com.mx\/index.php?rest_route=\/wp\/v2\/types\/post"}],"author":[{"embeddable":true,"href":"https:\/\/zonaroja.com.mx\/index.php?rest_route=\/wp\/v2\/users\/2"}],"replies":[{"embeddable":true,"href":"https:\/\/zonaroja.com.mx\/index.php?rest_route=%2Fwp%2Fv2%2Fcomments&post=61347"}],"version-history":[{"count":1,"href":"https:\/\/zonaroja.com.mx\/index.php?rest_route=\/wp\/v2\/posts\/61347\/revisions"}],"predecessor-version":[{"id":61350,"href":"https:\/\/zonaroja.com.mx\/index.php?rest_route=\/wp\/v2\/posts\/61347\/revisions\/61350"}],"wp:featuredmedia":[{"embeddable":true,"href":"https:\/\/zonaroja.com.mx\/index.php?rest_route=\/wp\/v2\/media\/61349"}],"wp:attachment":[{"href":"https:\/\/zonaroja.com.mx\/index.php?rest_route=%2Fwp%2Fv2%2Fmedia&parent=61347"}],"wp:term":[{"taxonomy":"category","embeddable":true,"href":"https:\/\/zonaroja.com.mx\/index.php?rest_route=%2Fwp%2Fv2%2Fcategories&post=61347"},{"taxonomy":"post_tag","embeddable":true,"href":"https:\/\/zonaroja.com.mx\/index.php?rest_route=%2Fwp%2Fv2%2Ftags&post=61347"}],"curies":[{"name":"wp","href":"https:\/\/api.w.org\/{rel}","templated":true}]}}