{"id":61351,"date":"2023-10-25T09:25:00","date_gmt":"2023-10-25T14:25:00","guid":{"rendered":"http:\/\/www.zonaroja.com.mx\/?p=61351"},"modified":"2023-10-25T08:53:35","modified_gmt":"2023-10-25T13:53:35","slug":"en-menos-de-cinco-minutos-cabildo-de-oaxaca-de-juarez-avala-321-ambulantes","status":"publish","type":"post","link":"https:\/\/zonaroja.com.mx\/?p=61351","title":{"rendered":"En menos de cinco minutos, Cabildo de Oaxaca de Ju\u00e1rez avala 321 ambulantes"},"content":{"rendered":"\n<p>Ismael Garc\u00eda M.\/Zona Roja.<\/p>\n\n\n\n<p>Oaxaca de Ju\u00e1rez, Oax., a 25 de octubre de 2023.- En menos de cinco minutos y sin discusiones, el Cabildo de Oaxaca de Ju\u00e1rez, encabezado por el edil morenista Francisco Mart\u00ednez Neri, aprob\u00f3 la instalaci\u00f3n de 321 puestos de ambulantes, por las actividades del D\u00eda de Muertos.<\/p>\n\n\n\n<p>La sesi\u00f3n extraordinaria fue ayer por la tarde-noche y se efectu\u00f3 de manera virtual por su car\u00e1cter urgente, aunque no se fundament\u00f3 la rapidez para llevar a cabo la asamblea del m\u00e1ximo \u00f3rgano de la capital.<\/p>\n\n\n\n<p>\u00danicamente fue para discutir el dictamen 027\/2023, del 23 de octubre, presentado por la Comisi\u00f3n de Mercados y Comercio en V\u00eda P\u00fablica:<\/p>\n\n\n\n<p>\u201cSe autoriza a la Direcci\u00f3n del Comercio en V\u00eda P\u00fablica la expedici\u00f3n de 321 permisos temporales con motivo del D\u00eda de Muertos; 186 en la calle Macedonio Alcal\u00e1, 82 en la calle Constituci\u00f3n y 53 en el jard\u00edn Labastida, del 26 de octubre al 5 de noviembre de 2023, con giros de artesan\u00edas en un horario de 09:00 a 22:00 horas\u201d.<\/p>\n\n\n\n<p>Tras ello, anoche mismo, un grupo de comerciantes establecidos en el Centro Hist\u00f3rico protestaron con un bloqueo a la avenida Independencia esquina con 20 de Noviembre.<\/p>\n\n\n\n<p>Lo anterior para reiterar su rechazo a la instalaci\u00f3n de ambulantes, pues afectan seriamente el patrimonio hist\u00f3rico de la capital, adem\u00e1s de otros perjuicios para el comercio establecido.<\/p>\n\n\n\n<p>La movilizaci\u00f3n se retir\u00f3 una hora despu\u00e9s pero prev\u00e9n reanudarla este mi\u00e9rcoles.<\/p>\n","protected":false},"excerpt":{"rendered":"<p>Ismael Garc\u00eda M.\/Zona Roja. Oaxaca de Ju\u00e1rez, Oax., a 25 de octubre de 2023.- En&hellip;<\/p>\n","protected":false},"author":2,"featured_media":61353,"comment_status":"closed","ping_status":"open","sticky":false,"template":"","format":"standard","meta":{"_lmt_disableupdate":"","_lmt_disable":"","_jetpack_memberships_contains_paid_content":false,"footnotes":""},"categories":[109,47],"tags":[148],"class_list":["post-61351","post","type-post","status-publish","format-standard","has-post-thumbnail","hentry","category-minuto-a-minuto","category-zona-gris","tag-oaxaca-de-juarez"],"jetpack_featured_media_url":"https:\/\/zonaroja.com.mx\/wp-content\/uploads\/2023\/10\/Protesta-comerciantes-ciudad-de-Oaxaca.jpg","jetpack_sharing_enabled":true,"_links":{"self":[{"href":"https:\/\/zonaroja.com.mx\/index.php?rest_route=\/wp\/v2\/posts\/61351","targetHints":{"allow":["GET"]}}],"collection":[{"href":"https:\/\/zonaroja.com.mx\/index.php?rest_route=\/wp\/v2\/posts"}],"about":[{"href":"https:\/\/zonaroja.com.mx\/index.php?rest_route=\/wp\/v2\/types\/post"}],"author":[{"embeddable":true,"href":"https:\/\/zonaroja.com.mx\/index.php?rest_route=\/wp\/v2\/users\/2"}],"replies":[{"embeddable":true,"href":"https:\/\/zonaroja.com.mx\/index.php?rest_route=%2Fwp%2Fv2%2Fcomments&post=61351"}],"version-history":[{"count":1,"href":"https:\/\/zonaroja.com.mx\/index.php?rest_route=\/wp\/v2\/posts\/61351\/revisions"}],"predecessor-version":[{"id":61354,"href":"https:\/\/zonaroja.com.mx\/index.php?rest_route=\/wp\/v2\/posts\/61351\/revisions\/61354"}],"wp:featuredmedia":[{"embeddable":true,"href":"https:\/\/zonaroja.com.mx\/index.php?rest_route=\/wp\/v2\/media\/61353"}],"wp:attachment":[{"href":"https:\/\/zonaroja.com.mx\/index.php?rest_route=%2Fwp%2Fv2%2Fmedia&parent=61351"}],"wp:term":[{"taxonomy":"category","embeddable":true,"href":"https:\/\/zonaroja.com.mx\/index.php?rest_route=%2Fwp%2Fv2%2Fcategories&post=61351"},{"taxonomy":"post_tag","embeddable":true,"href":"https:\/\/zonaroja.com.mx\/index.php?rest_route=%2Fwp%2Fv2%2Ftags&post=61351"}],"curies":[{"name":"wp","href":"https:\/\/api.w.org\/{rel}","templated":true}]}}