{"id":61361,"date":"2023-10-25T10:58:00","date_gmt":"2023-10-25T15:58:00","guid":{"rendered":"http:\/\/www.zonaroja.com.mx\/?p=61361"},"modified":"2023-10-25T09:10:47","modified_gmt":"2023-10-25T14:10:47","slug":"rechaza-la-seccion-22-del-snte-proselitismo-de-emilio-montero-en-el-ieepo","status":"publish","type":"post","link":"https:\/\/zonaroja.com.mx\/?p=61361","title":{"rendered":"Rechaza la Secci\u00f3n 22 del SNTE proselitismo de Emilio Montero en el IEEPO"},"content":{"rendered":"\n<p>Ismael Garc\u00eda M.\/Zona Roja.<\/p>\n\n\n\n<p>Oaxaca de Ju\u00e1rez, Oax., a 25 de octubre de 2023.- La Secci\u00f3n 22 del Sindicato Nacional de Trabajadores de la Educaci\u00f3n rechaz\u00f3 el proselitismo y \u201cactos medi\u00e1ticos\u201d del director del IEEPO, Emilio Montero P\u00e9rez, con la entrega de materiales para las escuelas.<\/p>\n\n\n\n<p>\u201cEl Movimiento Democr\u00e1tico de los Trabajadores de la Educaci\u00f3n de Oaxaca con 43 a\u00f1os de lucha se ha caracterizado por defender las demandas m\u00e1s sentidas de nuestros pueblos; la Educaci\u00f3n P\u00fablica, los derechos laborales y sindicales de nuestros&nbsp;agremiados.&nbsp;<\/p>\n\n\n\n<p>Por lo que, ante los actos medi\u00e1ticos por parte del IEEPO, desde el coraz\u00f3n pol\u00edtico&nbsp;de Oaxaca, manifestamos nuestro rechazo a la modalidad de entrega, cantidad y calidad de materiales de Aseo, Deportivo y Oficina (ADO) en las diversas regiones por parte del Instituto Estatal de Educaci\u00f3n P\u00fablica de Oaxaca, materiales que no cubren las necesidades reales de nuestras instituciones, ante ello, declaramos que solo se trata de un acto medi\u00e1tico que abusa de las necesidades de los padres y madres de familia, alumnado y profesores\u201d, se\u00f1alaron en un comunicado.&nbsp;<\/p>\n\n\n\n<p>Demandaron la entrega inmediata de estos materiales, \u201csin actos medi\u00e1ticos con fines proselitistas\u201d, y que este proceso se realice bajo la estructura sindical correspondiente\u201d, difundieron en su comunicado emitido anoche.<\/p>\n\n\n\n<p>Al inicio de la semana hubo otro pronunciamiento de un sector de la Secci\u00f3n 22, en que recrimin\u00f3 la llegada de una representaci\u00f3n del IEEPO a Miahuatl\u00e1n de Porfirio D\u00edaz con su \u201ccalenda pedag\u00f3gica\u201d.<\/p>\n\n\n\n<p>Para ello, utilizan a los maestros, alumnos y haciendo gastar a los padres de familia \u201cen actividades que tienen una finalidad pol\u00edtica electoral para posicionar al actual director del IEEPO, Emilio Montero P\u00e9rez, en sus aspiraciones pol\u00edticas para el 2024\u201d, denunciaron<\/p>\n\n\n\n<p>Expusieron que el ex edil de Juchit\u00e1n de Zaragoza es el principal actor de obstaculizar las respuestas al pliego petitorio de la Secci\u00f3n 22. \u201cLos maestros democr\u00e1ticos de Miahuatl\u00e1n rechazamos y repudiamos estas actividades que pretenden confrontarnos con las autoridades municipales de nuestras comunidades\u201d, se\u00f1alaron.<\/p>\n","protected":false},"excerpt":{"rendered":"<p>Ismael Garc\u00eda M.\/Zona Roja. Oaxaca de Ju\u00e1rez, Oax., a 25 de octubre de 2023.- La&hellip;<\/p>\n","protected":false},"author":2,"featured_media":61362,"comment_status":"closed","ping_status":"open","sticky":false,"template":"","format":"standard","meta":{"_lmt_disableupdate":"","_lmt_disable":"","_jetpack_memberships_contains_paid_content":false,"footnotes":""},"categories":[109,46],"tags":[312],"class_list":["post-61361","post","type-post","status-publish","format-standard","has-post-thumbnail","hentry","category-minuto-a-minuto","category-zona-blanca","tag-seccion-22-del-snte"],"jetpack_featured_media_url":"https:\/\/zonaroja.com.mx\/wp-content\/uploads\/2023\/10\/Seccion-22-SNTe-Emilio-Montero.jpg","jetpack_sharing_enabled":true,"_links":{"self":[{"href":"https:\/\/zonaroja.com.mx\/index.php?rest_route=\/wp\/v2\/posts\/61361","targetHints":{"allow":["GET"]}}],"collection":[{"href":"https:\/\/zonaroja.com.mx\/index.php?rest_route=\/wp\/v2\/posts"}],"about":[{"href":"https:\/\/zonaroja.com.mx\/index.php?rest_route=\/wp\/v2\/types\/post"}],"author":[{"embeddable":true,"href":"https:\/\/zonaroja.com.mx\/index.php?rest_route=\/wp\/v2\/users\/2"}],"replies":[{"embeddable":true,"href":"https:\/\/zonaroja.com.mx\/index.php?rest_route=%2Fwp%2Fv2%2Fcomments&post=61361"}],"version-history":[{"count":1,"href":"https:\/\/zonaroja.com.mx\/index.php?rest_route=\/wp\/v2\/posts\/61361\/revisions"}],"predecessor-version":[{"id":61363,"href":"https:\/\/zonaroja.com.mx\/index.php?rest_route=\/wp\/v2\/posts\/61361\/revisions\/61363"}],"wp:featuredmedia":[{"embeddable":true,"href":"https:\/\/zonaroja.com.mx\/index.php?rest_route=\/wp\/v2\/media\/61362"}],"wp:attachment":[{"href":"https:\/\/zonaroja.com.mx\/index.php?rest_route=%2Fwp%2Fv2%2Fmedia&parent=61361"}],"wp:term":[{"taxonomy":"category","embeddable":true,"href":"https:\/\/zonaroja.com.mx\/index.php?rest_route=%2Fwp%2Fv2%2Fcategories&post=61361"},{"taxonomy":"post_tag","embeddable":true,"href":"https:\/\/zonaroja.com.mx\/index.php?rest_route=%2Fwp%2Fv2%2Ftags&post=61361"}],"curies":[{"name":"wp","href":"https:\/\/api.w.org\/{rel}","templated":true}]}}