{"id":61364,"date":"2023-10-25T11:10:00","date_gmt":"2023-10-25T16:10:00","guid":{"rendered":"http:\/\/www.zonaroja.com.mx\/?p=61364"},"modified":"2023-10-25T15:18:07","modified_gmt":"2023-10-25T20:18:07","slug":"asesinan-a-balazos-a-indigena-triqui-en-la-region-mixteca","status":"publish","type":"post","link":"https:\/\/zonaroja.com.mx\/?p=61364","title":{"rendered":"Asesinan a balazos a ind\u00edgena Triqui en la regi\u00f3n Mixteca"},"content":{"rendered":"\n<p>Ismael Garc\u00eda M.\/Zona Roja.<\/p>\n\n\n\n<p>Oaxaca de Ju\u00e1rez, Oax., a 25 de octubre de 2023.- Un ind\u00edgena de la etnia Triqui fue asesinado ayer por la tarde en la regi\u00f3n Mixteca  de Oaxaca.<\/p>\n\n\n\n<p>El crimen se perpetr\u00f3 cundo un joven de aproximadamente 24 a\u00f1os de edad se trasladaba a bordo de su motocicleta, en el tramo carretero Tierra Blanca Copala a Concepci\u00f3n Carrizal, jurisdicci\u00f3n de Santiago Juxtlahuaca.<\/p>\n\n\n\n<p>La v\u00edctima fue identificada con las iniciales U. F. E. G., y era originario del municipio de Putla Villa de Guerrero, sin que se conozca hasta ahora se desconocen las causas del crimen.<\/p>\n\n\n\n<p>Personal de la Fiscal\u00eda General del Estado de Oaxaca inici\u00f3 las indagatorias correspondientes, para hallar con el o los responsables del asesinato.<\/p>\n\n\n\n<p>La zona Triqui se ha caracterizado por m\u00faltiples hechos de violencia, en que las organizaciones MULT y MULTI se culpan mutuamente de los ataques armados y de los cr\u00edmenes.<\/p>\n","protected":false},"excerpt":{"rendered":"<p>Ismael Garc\u00eda M.\/Zona Roja. Oaxaca de Ju\u00e1rez, Oax., a 25 de octubre de 2023.- Un&hellip;<\/p>\n","protected":false},"author":2,"featured_media":52455,"comment_status":"closed","ping_status":"open","sticky":false,"template":"","format":"standard","meta":{"_lmt_disableupdate":"","_lmt_disable":"","_jetpack_memberships_contains_paid_content":false,"footnotes":""},"categories":[109,51],"tags":[],"class_list":["post-61364","post","type-post","status-publish","format-standard","has-post-thumbnail","hentry","category-minuto-a-minuto","category-zona-roja"],"jetpack_featured_media_url":"https:\/\/zonaroja.com.mx\/wp-content\/uploads\/2023\/03\/Escena-crimen-asesinato-violencia.jpg","jetpack_sharing_enabled":true,"_links":{"self":[{"href":"https:\/\/zonaroja.com.mx\/index.php?rest_route=\/wp\/v2\/posts\/61364","targetHints":{"allow":["GET"]}}],"collection":[{"href":"https:\/\/zonaroja.com.mx\/index.php?rest_route=\/wp\/v2\/posts"}],"about":[{"href":"https:\/\/zonaroja.com.mx\/index.php?rest_route=\/wp\/v2\/types\/post"}],"author":[{"embeddable":true,"href":"https:\/\/zonaroja.com.mx\/index.php?rest_route=\/wp\/v2\/users\/2"}],"replies":[{"embeddable":true,"href":"https:\/\/zonaroja.com.mx\/index.php?rest_route=%2Fwp%2Fv2%2Fcomments&post=61364"}],"version-history":[{"count":1,"href":"https:\/\/zonaroja.com.mx\/index.php?rest_route=\/wp\/v2\/posts\/61364\/revisions"}],"predecessor-version":[{"id":61365,"href":"https:\/\/zonaroja.com.mx\/index.php?rest_route=\/wp\/v2\/posts\/61364\/revisions\/61365"}],"wp:featuredmedia":[{"embeddable":true,"href":"https:\/\/zonaroja.com.mx\/index.php?rest_route=\/wp\/v2\/media\/52455"}],"wp:attachment":[{"href":"https:\/\/zonaroja.com.mx\/index.php?rest_route=%2Fwp%2Fv2%2Fmedia&parent=61364"}],"wp:term":[{"taxonomy":"category","embeddable":true,"href":"https:\/\/zonaroja.com.mx\/index.php?rest_route=%2Fwp%2Fv2%2Fcategories&post=61364"},{"taxonomy":"post_tag","embeddable":true,"href":"https:\/\/zonaroja.com.mx\/index.php?rest_route=%2Fwp%2Fv2%2Ftags&post=61364"}],"curies":[{"name":"wp","href":"https:\/\/api.w.org\/{rel}","templated":true}]}}