{"id":6138,"date":"2019-11-27T22:19:48","date_gmt":"2019-11-28T04:19:48","guid":{"rendered":"http:\/\/www.zonaroja.com.mx\/?p=6138"},"modified":"2019-11-27T22:19:52","modified_gmt":"2019-11-28T04:19:52","slug":"ni-los-morenistas-apoyan-a-oswaldo-garcia-jarquin-con-sus-parquimetros","status":"publish","type":"post","link":"https:\/\/zonaroja.com.mx\/?p=6138","title":{"rendered":"Ni los morenistas apoyan a Oswaldo Garc\u00eda Jarqu\u00edn con sus parqu\u00edmetros"},"content":{"rendered":"\n<p>Ismael Garc\u00eda M.\/Zona Roja.<\/p>\n\n\n\n<p>San Raymundo Jalpan, Oax., 27 de\nnoviembre de 2019.- Con 29 votos a favor y a propuesta de diputados del Partido\nMorena, el pleno de la 64 Legislatura aprob\u00f3 hoy exhortar al presidente\nmunicipal de Oaxaca de Ju\u00e1rez, Oswaldo Garc\u00eda Jarqu\u00edn, a no implementar la\ninstalaci\u00f3n de parqu\u00edmetros.<\/p>\n\n\n\n<p>En tanto, este mi\u00e9rcoles, la mayor\u00eda de\nlos integrantes del Cabildo aval\u00f3 dicha iniciativa, a la que tambi\u00e9n se\nopusieron algunos regidores capitalinos.<\/p>\n\n\n\n<p>El Punto de Acuerdo presentado hoy en la\nsesi\u00f3n ordinaria del Congreso local, fue presentado por los legisladores Laura\nEstrada Mauro, Horacio Sosa Villavicencio, Hilda Graciela P\u00e9rez Luis, Griselda\nSosa V\u00e1squez, Karina Espino Carmona, Juana Aguilar Espinoza.<\/p>\n\n\n\n<p>Asimismo, Elisa Zepeda Lagunas, Timoteo V\u00e1squez Cruz, Elena Cuevas Hern\u00e1ndez, Fredie Delf\u00edn Avenda\u00f1o, Mauro Cruz S\u00e1nchez, Roc\u00edo Machuca Rojas, Magaly L\u00f3pez Dom\u00ednguez, Delfina Elizabeth Guzm\u00e1n D\u00edaz y Gloria S\u00e1nchez L\u00f3pez.<\/p>\n\n\n\n<figure class=\"wp-block-embed-twitter wp-block-embed is-type-rich is-provider-twitter\"><div class=\"wp-block-embed__wrapper\">\n<div class=\"twitter-tweet\"><blockquote class=\"twitter-tweet\" data-lang=\"es\"><p lang=\"es\" dir=\"ltr\">A propuesta de la mayor\u00eda de diputados del Partido Morena, con 29 votos el pleno del <a href=\"https:\/\/twitter.com\/CongresoOaxLXIV?ref_src=twsrc%5Etfw\">@CongresoOaxLXIV<\/a> aprob\u00f3 hoy exhortar al edil de <a href=\"https:\/\/twitter.com\/MunicipioOaxaca?ref_src=twsrc%5Etfw\">@MunicipioOaxaca<\/a>, <a href=\"https:\/\/twitter.com\/oswaldogarciaj?ref_src=twsrc%5Etfw\">@oswaldogarciaj<\/a>, desistir de su proyecto de instalar parqu\u00edmetros en la capital,por incongruencias con los postulados morenistas. <a href=\"https:\/\/t.co\/L88F8NDwt8\">pic.twitter.com\/L88F8NDwt8<\/a><\/p>&mdash; Zona Roja Oaxaca (@MexRoja) <a href=\"https:\/\/twitter.com\/MexRoja\/status\/1199792626259693571?ref_src=twsrc%5Etfw\">27 de noviembre de 2019<\/a><\/blockquote><\/div>\n<\/div><\/figure>\n\n\n\n<p>En el documento se argumenta:<\/p>\n\n\n\n<p>\u201cPor lo que respecta al \u00e1mbito social,\ndicho proyecto ha sido omiso en contemplar las necesidades y prioridades de la ciudadan\u00eda,\nse desconoce hasta el momento, los an\u00e1lisis sociales, estudios de impacto,\nfactibilidad, costos-beneficios del proyecto.<\/p>\n\n\n\n<p>\u201cLa ciudad de Oaxaca de Ju\u00e1rez adolece\nde muchos males continuos y complicados de erradicar como lo son bloqueos,\nseguridad, violencia, da\u00f1os en veh\u00edculos estacionados en las calles,\nambulantaje, basura entre otros que deben ser subsanados antes de la\nimplantaci\u00f3n de un proyecto que implica una contribuci\u00f3n adicional a la\npoblaci\u00f3n.<\/p>\n\n\n\n<p>\u201cEn el \u00e1mbito econ\u00f3mico, a diferencia\ndel sector p\u00fablico, debe considerar los ingresos y egresos de la ciudan\u00eda para\nuna recaudaci\u00f3n proporcional y equitativa, ya que el dinero del cual se dispone\nno pertenece al ayuntamiento como tal, esos ingresos deben ser ejercidos en\nbeneficio a la ciudadan\u00eda, por lo que dicho proyecto no ha especificado los\nestudios de impacto econ\u00f3mico a favor y en contra de la econom\u00eda familiar de lo\nque residen, transitan y visitan la ciudad<\/p>\n\n\n\n<p>\u201cEsto sin mencionar la opini\u00f3n de los\ncomercios establecidos como restaurantes, bancos, escuelas, tiendas de\nartesan\u00edas, bares, entre otros; as\u00ed como tambi\u00e9n bibliotecas, museos, mercados,\netc.\u201d, refiere.<\/p>\n\n\n\n<p>Cabe mencionar que la ma\u00f1ana de hoy,\ncomerciantes del mercado \u201c20 de Noviembre\u201d de la ciudad de Oaxaca, tambi\u00e9n\nexternaron su rechazo a la propuesta de parqu\u00edmetros, por considerar que no hay\ninformaci\u00f3n del costo y beneficios.<\/p>\n","protected":false},"excerpt":{"rendered":"<p>Ismael Garc\u00eda M.\/Zona Roja. San Raymundo Jalpan, Oax., 27 de noviembre de 2019.- Con 29&hellip;<\/p>\n","protected":false},"author":2,"featured_media":6139,"comment_status":"closed","ping_status":"open","sticky":false,"template":"","format":"standard","meta":{"_lmt_disableupdate":"","_lmt_disable":"","_jetpack_memberships_contains_paid_content":false,"footnotes":""},"categories":[109,47],"tags":[115],"class_list":["post-6138","post","type-post","status-publish","format-standard","has-post-thumbnail","hentry","category-minuto-a-minuto","category-zona-gris","tag-oswaldo-garcia-jarquin"],"jetpack_featured_media_url":"https:\/\/zonaroja.com.mx\/wp-content\/uploads\/2019\/11\/PHOTO-2019-11-27-19-35-45.jpg","jetpack_sharing_enabled":true,"_links":{"self":[{"href":"https:\/\/zonaroja.com.mx\/index.php?rest_route=\/wp\/v2\/posts\/6138","targetHints":{"allow":["GET"]}}],"collection":[{"href":"https:\/\/zonaroja.com.mx\/index.php?rest_route=\/wp\/v2\/posts"}],"about":[{"href":"https:\/\/zonaroja.com.mx\/index.php?rest_route=\/wp\/v2\/types\/post"}],"author":[{"embeddable":true,"href":"https:\/\/zonaroja.com.mx\/index.php?rest_route=\/wp\/v2\/users\/2"}],"replies":[{"embeddable":true,"href":"https:\/\/zonaroja.com.mx\/index.php?rest_route=%2Fwp%2Fv2%2Fcomments&post=6138"}],"version-history":[{"count":1,"href":"https:\/\/zonaroja.com.mx\/index.php?rest_route=\/wp\/v2\/posts\/6138\/revisions"}],"predecessor-version":[{"id":6140,"href":"https:\/\/zonaroja.com.mx\/index.php?rest_route=\/wp\/v2\/posts\/6138\/revisions\/6140"}],"wp:featuredmedia":[{"embeddable":true,"href":"https:\/\/zonaroja.com.mx\/index.php?rest_route=\/wp\/v2\/media\/6139"}],"wp:attachment":[{"href":"https:\/\/zonaroja.com.mx\/index.php?rest_route=%2Fwp%2Fv2%2Fmedia&parent=6138"}],"wp:term":[{"taxonomy":"category","embeddable":true,"href":"https:\/\/zonaroja.com.mx\/index.php?rest_route=%2Fwp%2Fv2%2Fcategories&post=6138"},{"taxonomy":"post_tag","embeddable":true,"href":"https:\/\/zonaroja.com.mx\/index.php?rest_route=%2Fwp%2Fv2%2Ftags&post=6138"}],"curies":[{"name":"wp","href":"https:\/\/api.w.org\/{rel}","templated":true}]}}