{"id":61382,"date":"2023-10-25T22:04:21","date_gmt":"2023-10-26T03:04:21","guid":{"rendered":"http:\/\/www.zonaroja.com.mx\/?p=61382"},"modified":"2023-10-25T22:04:25","modified_gmt":"2023-10-26T03:04:25","slug":"critican-a-funcionarios-por-conmemorar-dia-naranja-solo-para-la-foto","status":"publish","type":"post","link":"https:\/\/zonaroja.com.mx\/?p=61382","title":{"rendered":"Critican a funcionarios por conmemorar \u201cD\u00eda Naranja\u201d s\u00f3lo para la foto"},"content":{"rendered":"\n<p>Ismael Garc\u00eda M.\/Zona Roja.<\/p>\n\n\n\n<p>Oaxaca de Ju\u00e1rez, Oax., a 25 de octubre de 2023.- En el denominado \u201cD\u00eda Naranja\u201d, en todas las instituciones \u201cse ponen su mo\u00f1ito naranja y simulan estar en contra de la violencia hacia las mujeres\u201d, acus\u00f3 el movimiento Frente Nacional Contra la Violencia Vicaria en Oaxaca.<\/p>\n\n\n\n<p>Una representaci\u00f3n de esa y otras agrupaciones protest\u00f3 la tarde de hoy en el z\u00f3calo de la ciudad de Oaxaca, para denunciar lo que consideran las carencias del sistema de justicia, omisiones, negligencia y corrupci\u00f3n que se vive en cada una de las instituciones del Estado.<\/p>\n\n\n\n<p>Recalcaron que a 10 meses del actual gobierno, prevalece el desinter\u00e9s por parte de la instituci\u00f3n encargada de la prevenci\u00f3n y atenci\u00f3n de la violencia contra las mujeres en el estado, la Secretar\u00eda de las Mujeres, que encabeza Elisa Zepeda Lagunas.<\/p>\n\n\n\n<p>\u201cSiguen dando falsos apoyos a las mujeres y en algunos casos s\u00f3lo las re\u00fanen para darse publicidad y tomarse la foto, porque de lo ofrecido hasta el momento es inexistente; es una instituci\u00f3n totalmente omisa en acompa\u00f1amiento y asesor\u00eda a la que est\u00e1 obligada a brindar; d\u00e1ndonos la espalda y dej\u00e1ndonos en total indefensi\u00f3n en los procesos judiciales\u201d.<\/p>\n\n\n\n<p>Acusaron adem\u00e1s que hasta la fecha no se ha constituido la Comisi\u00f3n Estatal de V\u00edctimas y su titular s\u00f3lo se la pasa tomando caf\u00e9 en la colonia Reforma de la capital; de la misma manera, en la Fiscal\u00eda General del Estado, aseguran que hay atenci\u00f3n pero los casos no avanzan; \u201cno vemos la empat\u00eda de las y los ministerios p\u00fablicos\u201d.<\/p>\n\n\n\n<p>En los casos de madres v\u00edctimas y sobrevivientes de violencia vicaria, en lo que se refiere a la atenci\u00f3n en el Tribunal Superior de Justicia del Estado, han tenido el acercamiento en las reuniones de exposici\u00f3n y seguimiento de los procesos.<\/p>\n\n\n\n<p>Sin embargo, es en los juzgados de car\u00e1cter familiar donde se encuentran con la violencia institucional; \u201cahora vemos que ellos exigen respeto a sus derechos laborales pero cuando llegamos a las instituciones, nos encontramos con negligencias, abusos de autoridad, malos tratos, gritos, amenazas, procesos vendidos, misoginia, parcialidad\u2026.\u201d.<\/p>\n\n\n\n<p>Se\u00f1alaron que en el Poder Legislativo hay tambi\u00e9n omisiones pues desde hace seis meses est\u00e1 detenida la iniciativa para tipificar la violencia vicaria. <\/p>\n\n\n\n<p>Por ello, demandaron a las autoridades de procuraci\u00f3n y de administraci\u00f3n de justicia a que haya una mayor atenci\u00f3n a los casos de violencia de g\u00e9nero y violencia vicaria, con la finalidad de que los proceso avancen y no se queden estancados.<\/p>\n","protected":false},"excerpt":{"rendered":"<p>Ismael Garc\u00eda M.\/Zona Roja. Oaxaca de Ju\u00e1rez, Oax., a 25 de octubre de 2023.- En&hellip;<\/p>\n","protected":false},"author":2,"featured_media":61376,"comment_status":"closed","ping_status":"open","sticky":false,"template":"","format":"standard","meta":{"_lmt_disableupdate":"","_lmt_disable":"","_jetpack_memberships_contains_paid_content":false,"footnotes":""},"categories":[109,47],"tags":[3714],"class_list":["post-61382","post","type-post","status-publish","format-standard","has-post-thumbnail","hentry","category-minuto-a-minuto","category-zona-gris","tag-violencia-vicaria-en-oaxaca"],"jetpack_featured_media_url":"https:\/\/zonaroja.com.mx\/wp-content\/uploads\/2023\/10\/Frente-Nacional-contra-la-Violencia-Vicaria.jpg","jetpack_sharing_enabled":true,"_links":{"self":[{"href":"https:\/\/zonaroja.com.mx\/index.php?rest_route=\/wp\/v2\/posts\/61382","targetHints":{"allow":["GET"]}}],"collection":[{"href":"https:\/\/zonaroja.com.mx\/index.php?rest_route=\/wp\/v2\/posts"}],"about":[{"href":"https:\/\/zonaroja.com.mx\/index.php?rest_route=\/wp\/v2\/types\/post"}],"author":[{"embeddable":true,"href":"https:\/\/zonaroja.com.mx\/index.php?rest_route=\/wp\/v2\/users\/2"}],"replies":[{"embeddable":true,"href":"https:\/\/zonaroja.com.mx\/index.php?rest_route=%2Fwp%2Fv2%2Fcomments&post=61382"}],"version-history":[{"count":1,"href":"https:\/\/zonaroja.com.mx\/index.php?rest_route=\/wp\/v2\/posts\/61382\/revisions"}],"predecessor-version":[{"id":61383,"href":"https:\/\/zonaroja.com.mx\/index.php?rest_route=\/wp\/v2\/posts\/61382\/revisions\/61383"}],"wp:featuredmedia":[{"embeddable":true,"href":"https:\/\/zonaroja.com.mx\/index.php?rest_route=\/wp\/v2\/media\/61376"}],"wp:attachment":[{"href":"https:\/\/zonaroja.com.mx\/index.php?rest_route=%2Fwp%2Fv2%2Fmedia&parent=61382"}],"wp:term":[{"taxonomy":"category","embeddable":true,"href":"https:\/\/zonaroja.com.mx\/index.php?rest_route=%2Fwp%2Fv2%2Fcategories&post=61382"},{"taxonomy":"post_tag","embeddable":true,"href":"https:\/\/zonaroja.com.mx\/index.php?rest_route=%2Fwp%2Fv2%2Ftags&post=61382"}],"curies":[{"name":"wp","href":"https:\/\/api.w.org\/{rel}","templated":true}]}}