{"id":61384,"date":"2023-10-25T23:06:54","date_gmt":"2023-10-26T04:06:54","guid":{"rendered":"http:\/\/www.zonaroja.com.mx\/?p=61384"},"modified":"2023-10-25T23:06:56","modified_gmt":"2023-10-26T04:06:56","slug":"desacata-universidad-del-bienestar-de-oaxaca-orden-de-juez-federal","status":"publish","type":"post","link":"https:\/\/zonaroja.com.mx\/?p=61384","title":{"rendered":"Desacata Universidad del Bienestar de Oaxaca orden de juez federal\u00a0"},"content":{"rendered":"\n<p>Ismael Garc\u00eda M.\/Zona Roja.<\/p>\n\n\n\n<p>Oaxaca de Ju\u00e1rez, Oax., a 25 de octubre de 2023.- La Universidad para el Bienestar \u201cBenito Ju\u00e1rez\u201d, en la Villa de Zaachila, Oaxaca, est\u00e1 a punto de cumplir dos meses de cerrada por parte de los propios directivos.<\/p>\n\n\n\n<p>En respaldo a los estudiantes, el despacho jur\u00eddico Solano y Asociados interpuso un amparo ante el juez quinto de Distrito y logr\u00f3, el pasado 11 de octubre, la orden para que el plantel se reabra, pero las autoridades educativas se han negado a acatar la medida.<\/p>\n\n\n\n<p>As\u00ed lo denunciaron este mi\u00e9rcoles abogados y alumnos durante una conferencia de prensa en el parque \u201cEl Llano\u201d de la ciudad de Oaxaca, en que reiteraron que la \u00fanica intenci\u00f3n es que se reanuden las clases, en que reciben preparaci\u00f3n al menos 350 estudiantes.<\/p>\n\n\n\n<p>De acuerdo con la abogada Diana Torres, de manera gratuita el despacho que representa present\u00f3 el amparo ante un juez federal, pero la autoridad educativa que a nivel nacional representa Raquel de la Luz Sosa, se ha negado a ello.<\/p>\n\n\n\n<p>En tanto, seg\u00fan la estudiante Y\u00e9sica Gallegos, la problem\u00e1tica tiene su origen en denuncias de discriminaci\u00f3n y acoso sexual por parte de un docente, desde el ciclo escolar pasado y que se intensificaron este nuevo semestre.<\/p>\n\n\n\n<p>Sin embargo, en lugar de despedir al docente, lo han solapado e incluso protegido; a la fecha, las afectadas, que interpusieron sus denuncias ante la Fiscal\u00eda General del Estado, desconocen si ya fue dado de baja o no del plantel.<\/p>\n\n\n\n<p>\u201cHan hecho caso omiso las autoridades y tambi\u00e9n no queremos represalias porque usamos nuestro derecho a la libre expresi\u00f3n\u201d, dijo una de las alumnas, al reiterar que el \u00fanico inter\u00e9s que tienen es reanudar el semestre y recuperar clases.<\/p>\n","protected":false},"excerpt":{"rendered":"<p>Ismael Garc\u00eda M.\/Zona Roja. Oaxaca de Ju\u00e1rez, Oax., a 25 de octubre de 2023.- La&hellip;<\/p>\n","protected":false},"author":2,"featured_media":61375,"comment_status":"closed","ping_status":"open","sticky":false,"template":"","format":"standard","meta":{"_lmt_disableupdate":"","_lmt_disable":"","_jetpack_memberships_contains_paid_content":false,"footnotes":""},"categories":[109,47],"tags":[],"class_list":["post-61384","post","type-post","status-publish","format-standard","has-post-thumbnail","hentry","category-minuto-a-minuto","category-zona-gris"],"jetpack_featured_media_url":"https:\/\/zonaroja.com.mx\/wp-content\/uploads\/2023\/10\/Estudiantes-Universidad-Bienestar-Zaachila.jpg","jetpack_sharing_enabled":true,"_links":{"self":[{"href":"https:\/\/zonaroja.com.mx\/index.php?rest_route=\/wp\/v2\/posts\/61384","targetHints":{"allow":["GET"]}}],"collection":[{"href":"https:\/\/zonaroja.com.mx\/index.php?rest_route=\/wp\/v2\/posts"}],"about":[{"href":"https:\/\/zonaroja.com.mx\/index.php?rest_route=\/wp\/v2\/types\/post"}],"author":[{"embeddable":true,"href":"https:\/\/zonaroja.com.mx\/index.php?rest_route=\/wp\/v2\/users\/2"}],"replies":[{"embeddable":true,"href":"https:\/\/zonaroja.com.mx\/index.php?rest_route=%2Fwp%2Fv2%2Fcomments&post=61384"}],"version-history":[{"count":1,"href":"https:\/\/zonaroja.com.mx\/index.php?rest_route=\/wp\/v2\/posts\/61384\/revisions"}],"predecessor-version":[{"id":61385,"href":"https:\/\/zonaroja.com.mx\/index.php?rest_route=\/wp\/v2\/posts\/61384\/revisions\/61385"}],"wp:featuredmedia":[{"embeddable":true,"href":"https:\/\/zonaroja.com.mx\/index.php?rest_route=\/wp\/v2\/media\/61375"}],"wp:attachment":[{"href":"https:\/\/zonaroja.com.mx\/index.php?rest_route=%2Fwp%2Fv2%2Fmedia&parent=61384"}],"wp:term":[{"taxonomy":"category","embeddable":true,"href":"https:\/\/zonaroja.com.mx\/index.php?rest_route=%2Fwp%2Fv2%2Fcategories&post=61384"},{"taxonomy":"post_tag","embeddable":true,"href":"https:\/\/zonaroja.com.mx\/index.php?rest_route=%2Fwp%2Fv2%2Ftags&post=61384"}],"curies":[{"name":"wp","href":"https:\/\/api.w.org\/{rel}","templated":true}]}}