{"id":61389,"date":"2023-10-26T09:01:00","date_gmt":"2023-10-26T14:01:00","guid":{"rendered":"http:\/\/www.zonaroja.com.mx\/?p=61389"},"modified":"2023-10-26T08:12:37","modified_gmt":"2023-10-26T13:12:37","slug":"asesinan-a-balazos-a-una-persona-en-santiago-etla-y-otra-en-jamiltepec","status":"publish","type":"post","link":"https:\/\/zonaroja.com.mx\/?p=61389","title":{"rendered":"Asesinan a balazos a una persona en Santiago, Etla, y otra en Jamiltepec"},"content":{"rendered":"\n<p>Ismael Garc\u00eda M.\/Zona Roja.<\/p>\n\n\n\n<p>Oaxaca de Ju\u00e1rez, Oax., a 26 de octubre de 2023.- Dos personas fueron asesinadas a balazos anoche, en comunidades de las regiones Valles Centrales y Costa del estado de Oaxaca.<\/p>\n\n\n\n<p>Poco despu\u00e9s de las 20:00 horas, en la calle Faustino G. Olivera de la localidad de Santiago, Etla, agencia de San Lorenzo Cacaotepec, dos personas fueron atacadas por disparos de arma de fuego, en un local de tatuajes.<\/p>\n\n\n\n<p>La v\u00edctima fatal fue identificada como Daniel V. N., de 30 a\u00f1os de edad, mientras que Porfirio \u201cN\u201d fue trasladado al Hospital Civil \u201cDr. Aurelio Valdivieso\u201d de la ciudad de Oaxaca, donde convalece.<\/p>\n\n\n\n<p>Hasta el momento se desconoce la identidad de los agresores, as\u00ed como el m\u00f3vil del ataque armado.<\/p>\n\n\n\n<p>EN JAMILTEPEC<\/p>\n\n\n\n<p>Horas antes, en Santiago Jamiltepec, municipio de la regi\u00f3n Costa de Oaxaca, un individuo fue asesinado a balazos.<\/p>\n\n\n\n<p>El crimen ocurri\u00f3 aproximadamente a las 18:30 horas en una calle que conduce al hospital, donde fue localizado un cuerpo sin vida, que de manera preliminar fue identificado como Gilberto S. H., de 40 a\u00f1os de edad y de oficio mec\u00e1nico.<\/p>\n\n\n\n<p>Pese a que el ataque ocurri\u00f3 a unos metros de la oficinas de la Polic\u00eda Vial de Jamiltepec, ning\u00fan polic\u00eda se percat\u00f3 de ello.<\/p>\n\n\n\n<p>En ambos casos, personal de la Fiscal\u00eda General del Estado inici\u00f3 las indagatorias correspondientes.<\/p>\n","protected":false},"excerpt":{"rendered":"<p>Ismael Garc\u00eda M.\/Zona Roja. Oaxaca de Ju\u00e1rez, Oax., a 26 de octubre de 2023.- Dos&hellip;<\/p>\n","protected":false},"author":2,"featured_media":61391,"comment_status":"closed","ping_status":"open","sticky":false,"template":"","format":"standard","meta":{"_lmt_disableupdate":"","_lmt_disable":"","_jetpack_memberships_contains_paid_content":false,"footnotes":""},"categories":[109,51],"tags":[797,3715],"class_list":["post-61389","post","type-post","status-publish","format-standard","has-post-thumbnail","hentry","category-minuto-a-minuto","category-zona-roja","tag-santiago-jamiltepec","tag-santiaguito-etla"],"jetpack_featured_media_url":"https:\/\/zonaroja.com.mx\/wp-content\/uploads\/2023\/10\/Asesinado-Santiago-Jamiltepec-Oaxaca-25-octubre.jpg","jetpack_sharing_enabled":true,"_links":{"self":[{"href":"https:\/\/zonaroja.com.mx\/index.php?rest_route=\/wp\/v2\/posts\/61389","targetHints":{"allow":["GET"]}}],"collection":[{"href":"https:\/\/zonaroja.com.mx\/index.php?rest_route=\/wp\/v2\/posts"}],"about":[{"href":"https:\/\/zonaroja.com.mx\/index.php?rest_route=\/wp\/v2\/types\/post"}],"author":[{"embeddable":true,"href":"https:\/\/zonaroja.com.mx\/index.php?rest_route=\/wp\/v2\/users\/2"}],"replies":[{"embeddable":true,"href":"https:\/\/zonaroja.com.mx\/index.php?rest_route=%2Fwp%2Fv2%2Fcomments&post=61389"}],"version-history":[{"count":1,"href":"https:\/\/zonaroja.com.mx\/index.php?rest_route=\/wp\/v2\/posts\/61389\/revisions"}],"predecessor-version":[{"id":61392,"href":"https:\/\/zonaroja.com.mx\/index.php?rest_route=\/wp\/v2\/posts\/61389\/revisions\/61392"}],"wp:featuredmedia":[{"embeddable":true,"href":"https:\/\/zonaroja.com.mx\/index.php?rest_route=\/wp\/v2\/media\/61391"}],"wp:attachment":[{"href":"https:\/\/zonaroja.com.mx\/index.php?rest_route=%2Fwp%2Fv2%2Fmedia&parent=61389"}],"wp:term":[{"taxonomy":"category","embeddable":true,"href":"https:\/\/zonaroja.com.mx\/index.php?rest_route=%2Fwp%2Fv2%2Fcategories&post=61389"},{"taxonomy":"post_tag","embeddable":true,"href":"https:\/\/zonaroja.com.mx\/index.php?rest_route=%2Fwp%2Fv2%2Ftags&post=61389"}],"curies":[{"name":"wp","href":"https:\/\/api.w.org\/{rel}","templated":true}]}}