{"id":61402,"date":"2023-10-26T14:30:00","date_gmt":"2023-10-26T19:30:00","guid":{"rendered":"http:\/\/www.zonaroja.com.mx\/?p=61402"},"modified":"2023-10-26T09:02:06","modified_gmt":"2023-10-26T14:02:06","slug":"opinion-hemeroteca-una-institucion-desde-la-sociedad-civil","status":"publish","type":"post","link":"https:\/\/zonaroja.com.mx\/?p=61402","title":{"rendered":"Opini\u00f3n. Hemeroteca, una instituci\u00f3n desde la sociedad civil"},"content":{"rendered":"\n<p>N\u00e9stor Y. S\u00e1nchez Islas<\/p>\n\n\n\n<p>La Hemeroteca P\u00fablica de Oaxaca \u201cN\u00e9stor S\u00e1nchez H.\u201d cumple 51 a\u00f1os de haber iniciado sus servicios al p\u00fablico en general. El trabajo previo dur\u00f3 casi cinco a\u00f1os en que se capacit\u00f3 personal, se reunieron acervos y colecciones y se convenci\u00f3 a las autoridades de aquellos a\u00f1os de la importancia de una instituci\u00f3n de este tipo, pr\u00e1cticamente desconocida en M\u00e9xico por la gran masa.<\/p>\n\n\n\n<p>La Hemeroteca de Oaxaca es producto de la sociedad civil. Esta instituci\u00f3n fue creada debido al consenso que su creador pudo lograr entre la gente de a pie, no fue producto de ninguna iniciativa gubernamental, lo que le confiere una dimensi\u00f3n diferentes porque, precisamente por venir de la gente de abajo y de las infanter\u00edas del periodismo, ha logrado sobrevivir y aguantar los intentos de algunos gobernadores que quisieron convertir ese recinto en un hotel de lujo para turistas adinerados.<\/p>\n\n\n\n<p>La instituci\u00f3n&nbsp;es mucho m\u00e1s que un reservorio hist\u00f3rico. La historia del siglo XX ya no se&nbsp;relata \u00fanicamente a trav\u00e9s de los empolvados archivos oficiales, sino que una parte muy importante de su historiograf\u00eda est\u00e1 en las p\u00e1ginas de los medios de la prensa escrita,&nbsp;pacientemente encuadernados y resguardados en sus estantes.<\/p>\n\n\n\n<p>Don N\u00e9stor S\u00e1nchez Hern\u00e1ndez, su fundador, guard\u00f3 la idea durante muchos a\u00f1os hasta que pudo tener los medios para echar a andar la noble iniciativa de crear una instituci\u00f3n desde cero y gracias a la confianza que ya hab\u00eda ganado entre la gente de Oaxaca. La materializaci\u00f3n del proyecto inici\u00f3 a finales de los a\u00f1os 60, la d\u00e9cada que cambi\u00f3 al mundo,&nbsp;no por la Guerra de Vietnam,&nbsp;sino por la irrupci\u00f3n de la filosof\u00eda posmodernista que revolucion\u00f3 nuestra forma de pensar.<\/p>\n\n\n\n<p>En las p\u00e1ginas de los diarios y revista ah\u00ed reservados podemos observar de forma muy sencilla, sin necesidad de grados acad\u00e9micos, la evoluci\u00f3n de la sociedad oaxaque\u00f1a,&nbsp;una&nbsp;estructura&nbsp;tradicionalista, costumbrista y bastante conservadora muy diferente al Oaxaca que vivimos hoy todos los d\u00edas.<\/p>\n\n\n\n<p>En las p\u00e1ginas de diarios y&nbsp;revistas qued\u00f3 el testimonio de los cambios sociales&nbsp;que hemos tenido a lo largo de los a\u00f1os&nbsp;narrados con el lenguaje sencillo de sus reporteros. Se nota claramente el cambio del inter\u00e9s y \u00e9nfasis en las estructuras sociales existentes. Del viejo protagonismo exclusivo de las clases altas y personajes encumbrados al inter\u00e9s actual por la gente sencilla, como los artesanos y campesinos.<\/p>\n\n\n\n<p>La&nbsp;instituci\u00f3n nos&nbsp;abre generosamente las p\u00e1ginas de diarios y revistas&nbsp;no solo a quienes puedan tener un inter\u00e9s acad\u00e9mico&nbsp;sino a cualquiera&nbsp;que desee hacer un recorrido por la historia reciente de nuestra tierra.&nbsp;Por ejemplo, resulta&nbsp;interesant\u00edsimo leer la prensa local en los primeros d\u00edas&nbsp;posteriores&nbsp;al&nbsp;2 de octubre de 1968&nbsp;y ver el cambio de narrativa que&nbsp;trat\u00f3 de diluir&nbsp;un hecho hist\u00f3rico que&nbsp;fue aquella matanza.&nbsp;En primer lugar, la gente de los mercados, que eran el centro de poder en ese entonces&nbsp;y controlados por la CNOP&nbsp;pri\u00edsta, calificaba de agitadores y alborotadores&nbsp;a los j\u00f3venes que&nbsp;murieron, pero lo m\u00e1s significativo es leer como la&nbsp;prensa, probablemente presionada por la poderosa Secretar\u00eda de Gobernaci\u00f3n de Luis Echeverr\u00eda, pronto dej\u00f3 pasar los hechos.&nbsp;El silencio obligado dice mucho de aquel r\u00e9gimen.<\/p>\n\n\n\n<p>El discurso estampado en esas p\u00e1ginas es el entramado central de la historia de Oaxaca. El uso de cierto palabras o lenguajes, la alusi\u00f3n a s\u00edmbolos, el tipo de papel, la tipograf\u00eda o hasta lo que no&nbsp;publican algunos&nbsp;medios,&nbsp;pero&nbsp;otros s\u00ed&nbsp;nos dicen mucho&nbsp;del contexto pol\u00edtico, social y econ\u00f3mico, datos que son indispensables para la interpretaci\u00f3n de lo que hoy somos.<\/p>\n\n\n\n<p>En esas salas est\u00e1 la cr\u00edtica al poder que se ha hecho a lo largo de los a\u00f1os, una cr\u00edtica que provoc\u00f3 golpizas, como la que en abril de 1967 algunos porros al servicio del gobierno estatal le propinaron a N\u00e9stor S\u00e1nchez, pero tambi\u00e9n ha provocado la muerte de muchos compa\u00f1eros periodistas, la mayor\u00eda de ellos cr\u00edmenes desde el poder y a\u00fan en la impunidad.<\/p>\n\n\n\n<p>En esos tomos ah\u00ed guardados est\u00e1n nuestra identidad, nuestros intereses y las din\u00e1micas de poder de, por lo menos, la segunda mitad del siglo XX y hasta la fecha. De una forma emp\u00edrica, cada reportero es un investigador etnogr\u00e1fico que deja un valioso testimonio para los acad\u00e9micos de altos grados que los leer\u00e1n en el futuro. Clar\u00edsimo est\u00e1 como la narrativa ha cambiado como el mezcal:&nbsp;lo m\u00e1s valioso siempre resulta ser lo aut\u00e9ntico.<\/p>\n\n\n\n<p>La Hemeroteca&nbsp;requiere&nbsp;toda la atenci\u00f3n y apoyo desde el gobierno para&nbsp;catalogarse y&nbsp;digitalizarse.<\/p>\n\n\n\n<p>\u00a1BASTA!<\/p>\n\n\n\n<p>En apoyo al patrimonio natural, edificado, cultural y econ\u00f3mico es necesario alzar la voz para decir a las autoridades:&nbsp;\u00a1No al cambio de uso de suelo en el \u201cFort\u00edn\u201d y el \u201cCrest\u00f3n\u201d, no a la destrucci\u00f3n de plazas y jardines&nbsp;para satisfacer caprichos de funcionarios, no al choteo de fiestas, gastronom\u00eda y tradiciones, no a la pretensi\u00f3n de heredar plazas ni en el magisterio ni en la burocracia estatal!<\/p>\n\n\n\n<p>nestoryuri@yahoo.com<\/p>\n","protected":false},"excerpt":{"rendered":"<p>N\u00e9stor Y. S\u00e1nchez Islas La Hemeroteca P\u00fablica de Oaxaca \u201cN\u00e9stor S\u00e1nchez H.\u201d cumple 51 a\u00f1os&hellip;<\/p>\n","protected":false},"author":2,"featured_media":41861,"comment_status":"closed","ping_status":"open","sticky":false,"template":"","format":"standard","meta":{"_lmt_disableupdate":"","_lmt_disable":"","_jetpack_memberships_contains_paid_content":false,"footnotes":""},"categories":[456,109],"tags":[3050],"class_list":["post-61402","post","type-post","status-publish","format-standard","has-post-thumbnail","hentry","category-columna","category-minuto-a-minuto","tag-nestor-yuri-sanchez"],"jetpack_featured_media_url":"https:\/\/zonaroja.com.mx\/wp-content\/uploads\/2022\/05\/Opinion-Nestor-Yuri-Sanchez-Islas.jpg","jetpack_sharing_enabled":true,"_links":{"self":[{"href":"https:\/\/zonaroja.com.mx\/index.php?rest_route=\/wp\/v2\/posts\/61402","targetHints":{"allow":["GET"]}}],"collection":[{"href":"https:\/\/zonaroja.com.mx\/index.php?rest_route=\/wp\/v2\/posts"}],"about":[{"href":"https:\/\/zonaroja.com.mx\/index.php?rest_route=\/wp\/v2\/types\/post"}],"author":[{"embeddable":true,"href":"https:\/\/zonaroja.com.mx\/index.php?rest_route=\/wp\/v2\/users\/2"}],"replies":[{"embeddable":true,"href":"https:\/\/zonaroja.com.mx\/index.php?rest_route=%2Fwp%2Fv2%2Fcomments&post=61402"}],"version-history":[{"count":1,"href":"https:\/\/zonaroja.com.mx\/index.php?rest_route=\/wp\/v2\/posts\/61402\/revisions"}],"predecessor-version":[{"id":61403,"href":"https:\/\/zonaroja.com.mx\/index.php?rest_route=\/wp\/v2\/posts\/61402\/revisions\/61403"}],"wp:featuredmedia":[{"embeddable":true,"href":"https:\/\/zonaroja.com.mx\/index.php?rest_route=\/wp\/v2\/media\/41861"}],"wp:attachment":[{"href":"https:\/\/zonaroja.com.mx\/index.php?rest_route=%2Fwp%2Fv2%2Fmedia&parent=61402"}],"wp:term":[{"taxonomy":"category","embeddable":true,"href":"https:\/\/zonaroja.com.mx\/index.php?rest_route=%2Fwp%2Fv2%2Fcategories&post=61402"},{"taxonomy":"post_tag","embeddable":true,"href":"https:\/\/zonaroja.com.mx\/index.php?rest_route=%2Fwp%2Fv2%2Ftags&post=61402"}],"curies":[{"name":"wp","href":"https:\/\/api.w.org\/{rel}","templated":true}]}}