{"id":61404,"date":"2023-10-26T09:09:41","date_gmt":"2023-10-26T14:09:41","guid":{"rendered":"http:\/\/www.zonaroja.com.mx\/?p=61404"},"modified":"2023-10-26T09:09:43","modified_gmt":"2023-10-26T14:09:43","slug":"preliminar-27-muertos-y-4-desaparecidos-tras-el-paso-de-huracan-otis","status":"publish","type":"post","link":"https:\/\/zonaroja.com.mx\/?p=61404","title":{"rendered":"Preliminar: 27 muertos y 4 desaparecidos tras el paso de hurac\u00e1n \u201cOtis\u201d"},"content":{"rendered":"\n<p>Redacci\u00f3n\/Zona Roja Cdmx.<\/p>\n\n\n\n<p>Ciudad de M\u00e9xico, a 26 de octubre de 2023. El paso del hurac\u00e1n \u201cOtis\u201d por la costa grande de Guerrero dej\u00f3 hasta el momento 27 personas fallecidas y cuatro desaparecidas, inform\u00f3 esta ma\u00f1ana la titular de la Secretar\u00eda de Seguridad y Protecci\u00f3n Ciudadana, Rosa Icela Rodr\u00edguez.<\/p>\n\n\n\n<p>Al presentar en la ma\u00f1anera presidencial el reporte del impacto del meteoro en aquella zona, en particular en el puerto de Acapulco, la funcionaria indic\u00f3 que el Centro Nacional de Prevenci\u00f3n de Desastres concluy\u00f3 que en menos de 12 horas el hurac\u00e1n Otis pas\u00f3 de tormenta tropical a categor\u00eda 5, la m\u00e1xima en la escala Saffir-Simpson.<\/p>\n\n\n\n<p>As\u00ed, el fen\u00f3meno pas\u00f3 de vientos de 74 kil\u00f3metros por hora a 270 en ese lapso de tiempo, que fue cuando toc\u00f3 tierra e impact\u00f3 las costas guerrerense.<\/p>\n\n\n\n<p>En tanto, el Presidente Andr\u00e9s Manuel L\u00f3pez Obrador inform\u00f3 que luego de atravesar a pie varios tramos carreteros y en otros trasladarse en camioneta particular, ayer arrib\u00f3 a Acapulco.<\/p>\n\n\n\n<p>Indic\u00f3 que tuvo una reuni\u00f3n de trabajo con autoridades estatales, municipales y del gobierno federal, con quienes acord\u00f3 las estrategias para atender la contingencia y posteriormente la reconstrucci\u00f3n.<\/p>\n\n\n\n<p>Hasta el momento hay escasa informaci\u00f3n por parte del gobierno de Guerrero y a\u00fan no hay una cuantificaci\u00f3n de las afectaciones materiales; Acapulco es una de las ciudades m\u00e1s devastadas pero nada se conoce de los dem\u00e1s municipios de la zona costera.<\/p>\n\n\n\n<p>(Con informaci\u00f3n de \u201cLa Jornada\u201d)<\/p>\n","protected":false},"excerpt":{"rendered":"<p>Redacci\u00f3n\/Zona Roja Cdmx. Ciudad de M\u00e9xico, a 26 de octubre de 2023. El paso del&hellip;<\/p>\n","protected":false},"author":2,"featured_media":61405,"comment_status":"closed","ping_status":"open","sticky":false,"template":"","format":"standard","meta":{"_lmt_disableupdate":"","_lmt_disable":"","_jetpack_memberships_contains_paid_content":false,"footnotes":""},"categories":[109,47],"tags":[3713],"class_list":["post-61404","post","type-post","status-publish","format-standard","has-post-thumbnail","hentry","category-minuto-a-minuto","category-zona-gris","tag-huracan-otis"],"jetpack_featured_media_url":"https:\/\/zonaroja.com.mx\/wp-content\/uploads\/2023\/10\/Danos-Otis-Acapulco-Guerrero.webp","jetpack_sharing_enabled":true,"_links":{"self":[{"href":"https:\/\/zonaroja.com.mx\/index.php?rest_route=\/wp\/v2\/posts\/61404","targetHints":{"allow":["GET"]}}],"collection":[{"href":"https:\/\/zonaroja.com.mx\/index.php?rest_route=\/wp\/v2\/posts"}],"about":[{"href":"https:\/\/zonaroja.com.mx\/index.php?rest_route=\/wp\/v2\/types\/post"}],"author":[{"embeddable":true,"href":"https:\/\/zonaroja.com.mx\/index.php?rest_route=\/wp\/v2\/users\/2"}],"replies":[{"embeddable":true,"href":"https:\/\/zonaroja.com.mx\/index.php?rest_route=%2Fwp%2Fv2%2Fcomments&post=61404"}],"version-history":[{"count":1,"href":"https:\/\/zonaroja.com.mx\/index.php?rest_route=\/wp\/v2\/posts\/61404\/revisions"}],"predecessor-version":[{"id":61406,"href":"https:\/\/zonaroja.com.mx\/index.php?rest_route=\/wp\/v2\/posts\/61404\/revisions\/61406"}],"wp:featuredmedia":[{"embeddable":true,"href":"https:\/\/zonaroja.com.mx\/index.php?rest_route=\/wp\/v2\/media\/61405"}],"wp:attachment":[{"href":"https:\/\/zonaroja.com.mx\/index.php?rest_route=%2Fwp%2Fv2%2Fmedia&parent=61404"}],"wp:term":[{"taxonomy":"category","embeddable":true,"href":"https:\/\/zonaroja.com.mx\/index.php?rest_route=%2Fwp%2Fv2%2Fcategories&post=61404"},{"taxonomy":"post_tag","embeddable":true,"href":"https:\/\/zonaroja.com.mx\/index.php?rest_route=%2Fwp%2Fv2%2Ftags&post=61404"}],"curies":[{"name":"wp","href":"https:\/\/api.w.org\/{rel}","templated":true}]}}