{"id":61409,"date":"2023-10-26T19:36:55","date_gmt":"2023-10-27T00:36:55","guid":{"rendered":"http:\/\/www.zonaroja.com.mx\/?p=61409"},"modified":"2023-10-26T19:36:57","modified_gmt":"2023-10-27T00:36:57","slug":"jueves-caotico-de-bloqueos-en-valles-mixteca-e-istmo","status":"publish","type":"post","link":"https:\/\/zonaroja.com.mx\/?p=61409","title":{"rendered":"Jueves ca\u00f3tico de bloqueos: en Valles, Mixteca e Istmo"},"content":{"rendered":"\n<p>Ismael Garc\u00eda M.\/Zona Roja.<\/p>\n\n\n\n<p>Oaxaca de Ju\u00e1rez, Oax., a 26 de octubre de 2023.- El estado de Oaxaca vivi\u00f3 otra jornada ca\u00f3tica de protestas y bloqueos, con cierre de vialidades en las regiones Valles Centrales, Mixteca e Istmo de Tehuantepec.<\/p>\n\n\n\n<p>Desde las seis de la ma\u00f1ana y hasta este momento, habitantes de las agencias de Lache y Xochimilco bloquean la carretera federal 190, Oaxaca-M\u00e9xico, a la altura de Magdalena Apasco, a cuya cabecera municipal exigen recursos presupuestales.<\/p>\n\n\n\n<p>A ello sumaron otras demandas de car\u00e1cter social e incluso en materia de seguridad las cuales, seg\u00fan denunciaron, la autoridad municipal no ha cumplido.<\/p>\n\n\n\n<p>Algunos ciudadanos denunciaron que fueron golpeados por intentar cruzar el bloqueo.<\/p>\n\n\n\n<p>El ayuntamiento s\u00f3lo se ha limitado a descalificar a los manifestantes y considerar que las protestas tienen un fin pol\u00edtico.<\/p>\n\n\n\n<p>Alrededor del mediod\u00eda se instal\u00f3 otro bloqueo en la misma carretera 190, pero en el entronque hacia la Heroica Ciudad de Tlaxiaco, en la regi\u00f3n Mixteca.<\/p>\n\n\n\n<p>En este caso es por parte de habitantes de San Jos\u00e9 Xochitl\u00e1n, agencia de San Mart\u00edn Itunyoso que desde hace varios a\u00f1os exigen recursos presupuestaos.<\/p>\n\n\n\n<p>Incluso tienen un juicio a su favor por parte de la Sala Ind\u00edgena del Tribunal Superior de Justicia pero el ayuntamiento no ha cumplido con esta sentencia.<\/p>\n\n\n\n<p>Hasta esta tarde-noche, la protesta continuaba en el sitio, sin intervenci\u00f3n de las autoridades estatales.<\/p>\n\n\n\n<p>Mientras tanto, por al menos dos horas, locatarios del mercado \u201cJes\u00fas Carranza\u201d de Santo Domingo Tehuantepec bloquearon la carretera Oaxaca-Istmo, a la altura del puente de fierro, acceso a dicho municipio.<\/p>\n\n\n\n<p>Los inconformes demandaban servicio de energ\u00eda el\u00e9ctrica, suspendido desde la v\u00edspera; tras la atenci\u00f3n por parte de la autoridad, se desactiv\u00f3 la protesta.<\/p>\n\n\n\n<p>Mientras que al interior del palacio municipal de Oaxaca de Ju\u00e1rez, un grupo de aseadores de calzado se manifest\u00f3 de manera pac\u00edfica, para exigir al gobierno de Francisco Mart\u00ednez Neri atenci\u00f3n a una demanda que tiene m\u00e1s de un a\u00f1o.<\/p>\n\n\n\n<p>Se trata del cambio de propietario de permisos de instalaci\u00f3n de sillas de boleros, pues al menos 16 de ellos ha fallecido y los actuales suplentes requieren ocupar de manera formal dicho lugar.&nbsp;<\/p>\n\n\n\n<p>Se\u00f1alaron que continuamente han solicitado que se concrete ese tr\u00e1mite pero la respuesta de la autoridad ha sido que debe ser el Cabildo el que lo autorice; tras ello fueron atendidos por funcionarios municipales.<\/p>\n","protected":false},"excerpt":{"rendered":"<p>Ismael Garc\u00eda M.\/Zona Roja. Oaxaca de Ju\u00e1rez, Oax., a 26 de octubre de 2023.- El&hellip;<\/p>\n","protected":false},"author":2,"featured_media":61410,"comment_status":"closed","ping_status":"open","sticky":false,"template":"","format":"standard","meta":{"_lmt_disableupdate":"","_lmt_disable":"","_jetpack_memberships_contains_paid_content":false,"footnotes":""},"categories":[109,47],"tags":[2264],"class_list":["post-61409","post","type-post","status-publish","format-standard","has-post-thumbnail","hentry","category-minuto-a-minuto","category-zona-gris","tag-bloqueos-y-protestas-oaxaca"],"jetpack_featured_media_url":"https:\/\/zonaroja.com.mx\/wp-content\/uploads\/2023\/10\/Bloqueo-Xochitlan-carretera-Mixteca.jpg","jetpack_sharing_enabled":true,"_links":{"self":[{"href":"https:\/\/zonaroja.com.mx\/index.php?rest_route=\/wp\/v2\/posts\/61409","targetHints":{"allow":["GET"]}}],"collection":[{"href":"https:\/\/zonaroja.com.mx\/index.php?rest_route=\/wp\/v2\/posts"}],"about":[{"href":"https:\/\/zonaroja.com.mx\/index.php?rest_route=\/wp\/v2\/types\/post"}],"author":[{"embeddable":true,"href":"https:\/\/zonaroja.com.mx\/index.php?rest_route=\/wp\/v2\/users\/2"}],"replies":[{"embeddable":true,"href":"https:\/\/zonaroja.com.mx\/index.php?rest_route=%2Fwp%2Fv2%2Fcomments&post=61409"}],"version-history":[{"count":1,"href":"https:\/\/zonaroja.com.mx\/index.php?rest_route=\/wp\/v2\/posts\/61409\/revisions"}],"predecessor-version":[{"id":61411,"href":"https:\/\/zonaroja.com.mx\/index.php?rest_route=\/wp\/v2\/posts\/61409\/revisions\/61411"}],"wp:featuredmedia":[{"embeddable":true,"href":"https:\/\/zonaroja.com.mx\/index.php?rest_route=\/wp\/v2\/media\/61410"}],"wp:attachment":[{"href":"https:\/\/zonaroja.com.mx\/index.php?rest_route=%2Fwp%2Fv2%2Fmedia&parent=61409"}],"wp:term":[{"taxonomy":"category","embeddable":true,"href":"https:\/\/zonaroja.com.mx\/index.php?rest_route=%2Fwp%2Fv2%2Fcategories&post=61409"},{"taxonomy":"post_tag","embeddable":true,"href":"https:\/\/zonaroja.com.mx\/index.php?rest_route=%2Fwp%2Fv2%2Ftags&post=61409"}],"curies":[{"name":"wp","href":"https:\/\/api.w.org\/{rel}","templated":true}]}}