{"id":6141,"date":"2019-11-27T22:29:22","date_gmt":"2019-11-28T04:29:22","guid":{"rendered":"http:\/\/www.zonaroja.com.mx\/?p=6141"},"modified":"2019-11-27T22:29:25","modified_gmt":"2019-11-28T04:29:25","slug":"confirma-fiscalia-general-ataque-armado-en-zona-de-el-pedimento","status":"publish","type":"post","link":"https:\/\/zonaroja.com.mx\/?p=6141","title":{"rendered":"Confirma Fiscal\u00eda General ataque armado en zona de \u201cEl Pedimento\u201d"},"content":{"rendered":"\n<p>Redacci\u00f3n\/Zona Roja.<\/p>\n\n\n\n<p>Oaxaca de Ju\u00e1rez, Oax., 27 de noviembre\nde 2019.- La Fiscal\u00eda General del Estado confirm\u00f3 un ataque armado y agresiones\nen el paraje \u201cEl Pedimento\u201d, de Santa Catarina Juquila, hechos ocurridos la\nnoche del pasado domingo 24 de noviembre.<\/p>\n\n\n\n<p>Mediante un comunicado, indic\u00f3 que dio\ninicio a dos Carpetas de Investigaci\u00f3n y precis\u00f3 que las tres personas\nreportadas como desaparecidas, identificadas como M. H., C. H., y P. C., est\u00e1n\nlocalizadas y se encuentran en sus domicilios.<\/p>\n\n\n\n<p>Expuso que a trav\u00e9s de la Vicefiscal\u00eda\nRegional de la Costa, inici\u00f3 la Carpeta de Investigaci\u00f3n\n40862\/FCOS\/JUQUILA\/2019 por los delitos de despojo, robo, lesiones simples,\nprivaci\u00f3n ilegal de la libertad, ataque a las v\u00edas de comunicaci\u00f3n y portaci\u00f3n\nde arma de fuego de uso exclusivo del Ej\u00e9rcito. <\/p>\n\n\n\n<p>De este \u00faltimo delito se est\u00e1 dando\nintervenci\u00f3n al Ministerio P\u00fablico Federal por tratarse de un delito del fuero\nfederal.<\/p>\n\n\n\n<p>Asimismo, inici\u00f3 la Carpeta de Investigaci\u00f3n\n40960\/FCOS\/JUQUILA\/2019, por el delito de portaci\u00f3n de arma de fuego de uso\nexclusivo del Ej\u00e9rcito, misma que fue remitida al Ministerio P\u00fablico Federal de\nHuatulco.<\/p>\n\n\n\n<p>A\u00f1adi\u00f3 que con fecha 24 de noviembre, el\nagente del Ministerio P\u00fablico en Santa Catarina Juquila, recibi\u00f3 la denuncia y\ndeclaraci\u00f3n del polic\u00eda tercero de la Polic\u00eda Estatal, &nbsp;E. V. O., destacamentado en \u201cEl Pedimento\u201d,\nSanta Catarina Juquila.<\/p>\n\n\n\n<p>De acuerdo con la querella del\ndenunciante, en la fecha referida, alrededor de las 20:00 horas, se encontraba\njunto con sus compa\u00f1eros M. B. A., G. G. J. M., L. Q. N., y G. H. F., en la\nzona de \u201cEl Pedimento\u201d, cuando arrib\u00f3 un grupo de personas que portaban armas\ncortas y de grueso calibre y bajo amenazas les robaron cartuchos y municiones.\nNo les robaron sus armas.<\/p>\n\n\n\n<p>\u201cLa Instituci\u00f3n de procuraci\u00f3n de\njusticia convoca a las instancias pol\u00edticas y de seguridad a intervenir en la\nresoluci\u00f3n de la problem\u00e1tica de la zona para que las partes diriman sus\ndiferencias por la v\u00eda del di\u00e1logo y los acuerdos y se evite la comisi\u00f3n de\ndelitos y se conserve la paz p\u00fablica\u201d.<\/p>\n\n\n\n<p>La Fiscal\u00eda General del Estado de Oaxaca\nomiti\u00f3 en su comunicado se\u00f1alar que los afectados y las v\u00edctimas pertenecen al\nmunicipio de Santa Catarina Juquila, quienes se\u00f1alan como sus probables\natacantes a moradores de Santiago Yaitepec.<\/p>\n","protected":false},"excerpt":{"rendered":"<p>Redacci\u00f3n\/Zona Roja. Oaxaca de Ju\u00e1rez, Oax., 27 de noviembre de 2019.- La Fiscal\u00eda General del&hellip;<\/p>\n","protected":false},"author":2,"featured_media":6142,"comment_status":"closed","ping_status":"open","sticky":false,"template":"","format":"standard","meta":{"_lmt_disableupdate":"","_lmt_disable":"","_jetpack_memberships_contains_paid_content":false,"footnotes":""},"categories":[109,47],"tags":[494,545,546],"class_list":["post-6141","post","type-post","status-publish","format-standard","has-post-thumbnail","hentry","category-minuto-a-minuto","category-zona-gris","tag-fiscalia-general-del-estado-de-oaxaca","tag-santa-catarina-juquila","tag-santiago-yaitepec"],"jetpack_featured_media_url":"https:\/\/zonaroja.com.mx\/wp-content\/uploads\/2019\/11\/Plant\u00f3n-Juquila-2.jpg","jetpack_sharing_enabled":true,"_links":{"self":[{"href":"https:\/\/zonaroja.com.mx\/index.php?rest_route=\/wp\/v2\/posts\/6141","targetHints":{"allow":["GET"]}}],"collection":[{"href":"https:\/\/zonaroja.com.mx\/index.php?rest_route=\/wp\/v2\/posts"}],"about":[{"href":"https:\/\/zonaroja.com.mx\/index.php?rest_route=\/wp\/v2\/types\/post"}],"author":[{"embeddable":true,"href":"https:\/\/zonaroja.com.mx\/index.php?rest_route=\/wp\/v2\/users\/2"}],"replies":[{"embeddable":true,"href":"https:\/\/zonaroja.com.mx\/index.php?rest_route=%2Fwp%2Fv2%2Fcomments&post=6141"}],"version-history":[{"count":1,"href":"https:\/\/zonaroja.com.mx\/index.php?rest_route=\/wp\/v2\/posts\/6141\/revisions"}],"predecessor-version":[{"id":6143,"href":"https:\/\/zonaroja.com.mx\/index.php?rest_route=\/wp\/v2\/posts\/6141\/revisions\/6143"}],"wp:featuredmedia":[{"embeddable":true,"href":"https:\/\/zonaroja.com.mx\/index.php?rest_route=\/wp\/v2\/media\/6142"}],"wp:attachment":[{"href":"https:\/\/zonaroja.com.mx\/index.php?rest_route=%2Fwp%2Fv2%2Fmedia&parent=6141"}],"wp:term":[{"taxonomy":"category","embeddable":true,"href":"https:\/\/zonaroja.com.mx\/index.php?rest_route=%2Fwp%2Fv2%2Fcategories&post=6141"},{"taxonomy":"post_tag","embeddable":true,"href":"https:\/\/zonaroja.com.mx\/index.php?rest_route=%2Fwp%2Fv2%2Ftags&post=6141"}],"curies":[{"name":"wp","href":"https:\/\/api.w.org\/{rel}","templated":true}]}}