{"id":61412,"date":"2023-10-26T21:09:28","date_gmt":"2023-10-27T02:09:28","guid":{"rendered":"http:\/\/www.zonaroja.com.mx\/?p=61412"},"modified":"2023-10-26T21:09:32","modified_gmt":"2023-10-27T02:09:32","slug":"inedito-llena-martinez-neri-la-ciudad-con-mas-de-500-ambulantes","status":"publish","type":"post","link":"https:\/\/zonaroja.com.mx\/?p=61412","title":{"rendered":"In\u00e9dito: llena Mart\u00ednez Neri la ciudad con m\u00e1s de 500 ambulantes"},"content":{"rendered":"\n<p>Ismael Garc\u00eda M.\/Zona Roja.<\/p>\n\n\n\n<p>Oaxaca de Ju\u00e1rez, Oax., a 26 de octubre de 2023.- Como no hab\u00eda sucedido antes, el Cabildo de Oaxaca de Ju\u00e1rez, que preside el morenista Francisco Mart\u00ednez Neri, llena el Centro Hist\u00f3rico con m\u00e1s de 500 vendedores ambulantes, por las festividades del D\u00eda de Muertos.<\/p>\n\n\n\n<p>La noche del martes, de manera expr\u00e9s, el \u00f3rgano determin\u00f3 la autorizaci\u00f3n de 321 puestos en el Andador Tur\u00edstico, la calle de Constituci\u00f3n y el jard\u00edn Labastida, lo que origin\u00f3 dos d\u00edas de protestas por parte de comerciantes establecidos.<\/p>\n\n\n\n<p>Y este mediod\u00eda, en sesi\u00f3n ordinaria, el Cabildo aprob\u00f3 otros dos dict\u00e1menes de la Comisi\u00f3n de Mercados y Comercio en V\u00eda P\u00fablica, con un total de 191 puestos.<\/p>\n\n\n\n<p>Uno de ellos para 101 permisos temporales del 29 de octubre al 2 de noviembre de este a\u00f1o, de 08:00 a 22:0 horas, en la calle Refugio, entre calzada del Pante\u00f3n y bulevar Eduardo Vasconcelos, zona tambi\u00e9n dentro de la poligonal del Centro Hist\u00f3rico, con giras de art\u00edculos de la temporada del D\u00eda de Muertos; fue avalado con 10 votos.<\/p>\n\n\n\n<p>El segundo de ellos, inicialmente con 91 permisos, del 27 de octubre al 2 de noviembre, en la calle Macedonio Alcal\u00e1, calle Hidalgo y avenida Independencia, para el giro de pintacaritas.<\/p>\n\n\n\n<p>No obstante, el regidor Ismael Cruz Gayt\u00e1n advirti\u00f3 que una solicitante, Mercedes Magdalena Cisneros Ortega, ya hab\u00eda pedido tambi\u00e9n otro puesto en el pante\u00f3n general; tras ello, tambi\u00e9n por 10 votos fue avalado el dictamen para 90 puestos.<\/p>\n\n\n\n<p>Al t\u00e9rmino de la sesi\u00f3n de Cabildo, el presidente municipal, Francisco Mart\u00ednez Neri, justific\u00f3 los m\u00e1s de 500 permisos autorizados en dos sesiones es por la alta necesidad de empleo que existe en la entidad.<\/p>\n\n\n\n<p>A pregunta expresa, dijo que ahora s\u00ed, \u00e9l mismo encabezar\u00e1 supervisiones para que los puestos que se coloquen, cumplan con los lineamientos establecidos en las autorizaciones.<\/p>\n\n\n\n<p>Asegur\u00f3 que ha escuchado tambi\u00e9n las protestas de los comerciantes establecidos, pero que entiende sus preocupaciones, pero que tambi\u00e9n hay necesidad de ofrecer opciones temporales a los vendedores informales.<\/p>\n\n\n\n<figure class=\"wp-block-embed\"><div class=\"wp-block-embed__wrapper\">\nhttps:\/\/x.com\/ZonaRoja_Oaxaca\/status\/1717652679105589315?s=20\n<\/div><\/figure>\n","protected":false},"excerpt":{"rendered":"<p>Ismael Garc\u00eda M.\/Zona Roja. Oaxaca de Ju\u00e1rez, Oax., a 26 de octubre de 2023.- Como&hellip;<\/p>\n","protected":false},"author":2,"featured_media":61413,"comment_status":"closed","ping_status":"open","sticky":false,"template":"","format":"standard","meta":{"_lmt_disableupdate":"","_lmt_disable":"","_jetpack_memberships_contains_paid_content":false,"footnotes":""},"categories":[109,47],"tags":[2418],"class_list":["post-61412","post","type-post","status-publish","format-standard","has-post-thumbnail","hentry","category-minuto-a-minuto","category-zona-gris","tag-francisco-martinez-neri"],"jetpack_featured_media_url":"https:\/\/zonaroja.com.mx\/wp-content\/uploads\/2023\/10\/Sesion-de-Cabildo.jpg","jetpack_sharing_enabled":true,"_links":{"self":[{"href":"https:\/\/zonaroja.com.mx\/index.php?rest_route=\/wp\/v2\/posts\/61412","targetHints":{"allow":["GET"]}}],"collection":[{"href":"https:\/\/zonaroja.com.mx\/index.php?rest_route=\/wp\/v2\/posts"}],"about":[{"href":"https:\/\/zonaroja.com.mx\/index.php?rest_route=\/wp\/v2\/types\/post"}],"author":[{"embeddable":true,"href":"https:\/\/zonaroja.com.mx\/index.php?rest_route=\/wp\/v2\/users\/2"}],"replies":[{"embeddable":true,"href":"https:\/\/zonaroja.com.mx\/index.php?rest_route=%2Fwp%2Fv2%2Fcomments&post=61412"}],"version-history":[{"count":1,"href":"https:\/\/zonaroja.com.mx\/index.php?rest_route=\/wp\/v2\/posts\/61412\/revisions"}],"predecessor-version":[{"id":61414,"href":"https:\/\/zonaroja.com.mx\/index.php?rest_route=\/wp\/v2\/posts\/61412\/revisions\/61414"}],"wp:featuredmedia":[{"embeddable":true,"href":"https:\/\/zonaroja.com.mx\/index.php?rest_route=\/wp\/v2\/media\/61413"}],"wp:attachment":[{"href":"https:\/\/zonaroja.com.mx\/index.php?rest_route=%2Fwp%2Fv2%2Fmedia&parent=61412"}],"wp:term":[{"taxonomy":"category","embeddable":true,"href":"https:\/\/zonaroja.com.mx\/index.php?rest_route=%2Fwp%2Fv2%2Fcategories&post=61412"},{"taxonomy":"post_tag","embeddable":true,"href":"https:\/\/zonaroja.com.mx\/index.php?rest_route=%2Fwp%2Fv2%2Ftags&post=61412"}],"curies":[{"name":"wp","href":"https:\/\/api.w.org\/{rel}","templated":true}]}}