{"id":61418,"date":"2023-10-26T23:05:59","date_gmt":"2023-10-27T04:05:59","guid":{"rendered":"http:\/\/www.zonaroja.com.mx\/?p=61418"},"modified":"2023-10-26T23:06:00","modified_gmt":"2023-10-27T04:06:00","slug":"otra-vez-a-punto-de-los-golpes-vecinos-y-defensores-de-cerros-de-la-capital","status":"publish","type":"post","link":"https:\/\/zonaroja.com.mx\/?p=61418","title":{"rendered":"Otra vez, a punto de los golpes vecinos y defensores de cerros de la capital"},"content":{"rendered":"\n<p>Ismael Garc\u00eda M.\/Zona Roja.<\/p>\n\n\n\n<p>Oaxaca de Ju\u00e1rez, Oax., a 26 de octubre de 2023.- La defensa de los cerros \u201cFort\u00edn\u201d y del \u201cCrest\u00f3n\u201d estuvieron a punto de derivar en golpes, por segunda ocasi\u00f3n.<\/p>\n\n\n\n<p>La ma\u00f1ana de hoy, el presidente de la asociaci\u00f3n civil \u201cColmillo Blanco\u201d, Carlos Alberto Morales, cit\u00f3 a una conferencia de prensa en la sede del Instituto de Artes Gr\u00e1ficas de Oaxaca (IAGO), en el centro de la capital, para solicitar la intervenci\u00f3n del Gobierno del Estado en la preservaci\u00f3n de las \u00e1reas naturales.<\/p>\n\n\n\n<p>Sin embargo, casi al mismo tiempo arribaron quienes se ostentan como habitantes y propietarios de predios de las faldas de ambos cerros de la ciudad de Oaxaca, quienes con gritos recriminaron al activista su actitud de pedir se resguarde la poligonal de esas \u00e1reas naturales.<\/p>\n\n\n\n<p>\u201c\u00a1No me vuelvas a llamar invasor, yo soy propietario, yo nac\u00ed en esas \u00e1reas. No se vale lo que est\u00e1s haciendo, t\u00fa est\u00e1s formando parte del c\u00e1rtel del despojo!\u201d, grit\u00f3 uno de los supuestos ejidatarios, que hace dos semanas tambi\u00e9n confront\u00f3 a los ambientalistas, en la Plaza de la Danza, e incluso agredi\u00f3 verbalmente a la prensa.<\/p>\n\n\n\n<p>\u201c\u00a1No se vale, somos m\u00e1s de 25 mil familias, ahorita estamos teniendo orden con el municipio, estamos organiz\u00e1ndonos para resolver\u2026 Habla con bases!\u201d.<\/p>\n\n\n\n<p>Carlos Alberto Morales respondi\u00f3 que de lo que se trata es que tambi\u00e9n intervenga el Gobierno del Estado para que se delimite el \u00e1rea natural protegida; pero de nuevo le recriminaron.<\/p>\n\n\n\n<p>\u201c\u00a1Empieza por tu casa si quieres! \u00a1Reg\u00e1lala! \u00a1No tomes decisiones por nuestros terrenos!\u201d, recrimin\u00f3 tambi\u00e9n una mujer, con pancarta en mano.<\/p>\n\n\n\n<p>Por m\u00e1s de media hora transcurri\u00f3 la discusi\u00f3n y la conferencia de \u201cColmillo Blanco\u201d no termin\u00f3, debido a la irrupci\u00f3n, de quienes han pedido al ayuntamiento capitalino que se revise un decreto emitido hace dos a\u00f1os, que les impide tener los servicios b\u00e1sicos.<\/p>\n\n\n\n<p>La propuesta ingres\u00f3 la semana pasada a Cabildo, por parte del regidor P\u00e1vel L\u00f3pez G\u00f3mez, y fue turnada a la comisi\u00f3n respectiva.<\/p>\n","protected":false},"excerpt":{"rendered":"<p>Ismael Garc\u00eda M.\/Zona Roja. Oaxaca de Ju\u00e1rez, Oax., a 26 de octubre de 2023.- La&hellip;<\/p>\n","protected":false},"author":2,"featured_media":61419,"comment_status":"closed","ping_status":"open","sticky":false,"template":"","format":"standard","meta":{"_lmt_disableupdate":"","_lmt_disable":"","_jetpack_memberships_contains_paid_content":false,"footnotes":""},"categories":[109,47],"tags":[148],"class_list":["post-61418","post","type-post","status-publish","format-standard","has-post-thumbnail","hentry","category-minuto-a-minuto","category-zona-gris","tag-oaxaca-de-juarez"],"jetpack_featured_media_url":"https:\/\/zonaroja.com.mx\/wp-content\/uploads\/2023\/10\/Conflicto-colmillo-blanco-y-ejidatarios-Oaxaca.jpg","jetpack_sharing_enabled":true,"_links":{"self":[{"href":"https:\/\/zonaroja.com.mx\/index.php?rest_route=\/wp\/v2\/posts\/61418","targetHints":{"allow":["GET"]}}],"collection":[{"href":"https:\/\/zonaroja.com.mx\/index.php?rest_route=\/wp\/v2\/posts"}],"about":[{"href":"https:\/\/zonaroja.com.mx\/index.php?rest_route=\/wp\/v2\/types\/post"}],"author":[{"embeddable":true,"href":"https:\/\/zonaroja.com.mx\/index.php?rest_route=\/wp\/v2\/users\/2"}],"replies":[{"embeddable":true,"href":"https:\/\/zonaroja.com.mx\/index.php?rest_route=%2Fwp%2Fv2%2Fcomments&post=61418"}],"version-history":[{"count":1,"href":"https:\/\/zonaroja.com.mx\/index.php?rest_route=\/wp\/v2\/posts\/61418\/revisions"}],"predecessor-version":[{"id":61420,"href":"https:\/\/zonaroja.com.mx\/index.php?rest_route=\/wp\/v2\/posts\/61418\/revisions\/61420"}],"wp:featuredmedia":[{"embeddable":true,"href":"https:\/\/zonaroja.com.mx\/index.php?rest_route=\/wp\/v2\/media\/61419"}],"wp:attachment":[{"href":"https:\/\/zonaroja.com.mx\/index.php?rest_route=%2Fwp%2Fv2%2Fmedia&parent=61418"}],"wp:term":[{"taxonomy":"category","embeddable":true,"href":"https:\/\/zonaroja.com.mx\/index.php?rest_route=%2Fwp%2Fv2%2Fcategories&post=61418"},{"taxonomy":"post_tag","embeddable":true,"href":"https:\/\/zonaroja.com.mx\/index.php?rest_route=%2Fwp%2Fv2%2Ftags&post=61418"}],"curies":[{"name":"wp","href":"https:\/\/api.w.org\/{rel}","templated":true}]}}