{"id":61421,"date":"2023-10-27T07:45:07","date_gmt":"2023-10-27T12:45:07","guid":{"rendered":"http:\/\/www.zonaroja.com.mx\/?p=61421"},"modified":"2023-10-27T07:57:29","modified_gmt":"2023-10-27T12:57:29","slug":"da-carcel-por-mil-650-anos-a-dos-secuestradores-del-cartel-del-golfo","status":"publish","type":"post","link":"https:\/\/zonaroja.com.mx\/?p=61421","title":{"rendered":"Da c\u00e1rcel por mil 650 a\u00f1os a dos secuestradores del C\u00e1rtel del Golfo"},"content":{"rendered":"\n<p>Redacci\u00f3n\/Zona Roja Cdmx.<\/p>\n\n\n\n<p>Ciudad de M\u00e9xico, a 27 de octubre de 2023.- Con base en los elementos de prueba aportados por la Fiscal\u00eda Especializada en Materia de Delincuencia Organizada, un juez federal con sede en Matamoros, Tamaulipas, dict\u00f3 la segunda pena m\u00e1s alta en la historia de procuraci\u00f3n de justicia en el pa\u00eds, al condenar a mil 650 a\u00f1os de prisi\u00f3n a dos integrantes del C\u00e1rtel de Golfo, quienes fueron declarados culpables de los delitos de secuestro agravado en contra de 66 migrantes.<\/p>\n\n\n\n<p>La Fiscal\u00eda General de la Rep\u00fablica (FGR) inform\u00f3 que Christian \u201cG\u201d y Santiago \u201cB\u201d fueron sentenciados por los delitos de delincuencia organizada, secuestro agravado de 66 v\u00edctimas, portaci\u00f3n de arma de fuego, posesi\u00f3n de granada y de cartuchos de uso exclusivo del Ej\u00e9rcito, Armada y Fuerza A\u00e9rea, y contra la salud en la modalidad de posesi\u00f3n simple de mariguana.<\/p>\n\n\n\n<p>De acuerdo con los registros gubernamentales, en septiembre de 2013, los hoy juzgados, fueron detenidos por elementos de la extinta Polic\u00eda Federal cuando realizaban un recorrido por la calle Cerro San Miguel, en Reynosa, Tamaulipas. Los agentes federales \u201cse percataron de dos hombres que portaban armas de fuego y les dieron seguimiento hasta un inmueble donde ten\u00edan privadas de la libertad a decenas de personas. En el lugar se encontraron droga y material b\u00e9lico\u201d.<\/p>\n\n\n\n<p>El Juzgado Segundo de Distrito de Procesos Penales Federales con sede en Matamoros dict\u00f3 sentencia condenatoria en contra de Christian \u201cG\u201d y Santiago \u201cB\u201d, imponi\u00e9ndoles mil 650 a\u00f1os de prisi\u00f3n a cada uno y el pago de 132 mil 250 y 132 mil 650 d\u00edas multa, respectivamente.<\/p>\n\n\n\n<p>La FGR puntualiz\u00f3 que \u201cla sanci\u00f3n de prisi\u00f3n de referencia es la m\u00e1s alta lograda por la procuraci\u00f3n de justicia federal en toda la historia, despu\u00e9s de la de dos mil 555 a\u00f1os de prisi\u00f3n impuesta a dos personas, obtenida en abril del a\u00f1o en curso\u201d. Respecto a los culpables, ambos se encuentran recluidos en el Centro Federal de Readaptaci\u00f3n Social 14, en G\u00f3mez Palacio, Durango.<\/p>\n\n\n\n<p>(Informaci\u00f3n de \u00abLa Jornada\u00bb)<\/p>\n","protected":false},"excerpt":{"rendered":"<p>Redacci\u00f3n\/Zona Roja Cdmx. Ciudad de M\u00e9xico, a 27 de octubre de 2023.- Con base en&hellip;<\/p>\n","protected":false},"author":2,"featured_media":61102,"comment_status":"closed","ping_status":"open","sticky":false,"template":"","format":"standard","meta":{"_lmt_disableupdate":"","_lmt_disable":"","_jetpack_memberships_contains_paid_content":false,"footnotes":""},"categories":[109,46],"tags":[],"class_list":["post-61421","post","type-post","status-publish","format-standard","has-post-thumbnail","hentry","category-minuto-a-minuto","category-zona-blanca"],"jetpack_featured_media_url":"https:\/\/zonaroja.com.mx\/wp-content\/uploads\/2023\/10\/Carcel-mujer-prision-.jpeg","jetpack_sharing_enabled":true,"_links":{"self":[{"href":"https:\/\/zonaroja.com.mx\/index.php?rest_route=\/wp\/v2\/posts\/61421","targetHints":{"allow":["GET"]}}],"collection":[{"href":"https:\/\/zonaroja.com.mx\/index.php?rest_route=\/wp\/v2\/posts"}],"about":[{"href":"https:\/\/zonaroja.com.mx\/index.php?rest_route=\/wp\/v2\/types\/post"}],"author":[{"embeddable":true,"href":"https:\/\/zonaroja.com.mx\/index.php?rest_route=\/wp\/v2\/users\/2"}],"replies":[{"embeddable":true,"href":"https:\/\/zonaroja.com.mx\/index.php?rest_route=%2Fwp%2Fv2%2Fcomments&post=61421"}],"version-history":[{"count":2,"href":"https:\/\/zonaroja.com.mx\/index.php?rest_route=\/wp\/v2\/posts\/61421\/revisions"}],"predecessor-version":[{"id":61424,"href":"https:\/\/zonaroja.com.mx\/index.php?rest_route=\/wp\/v2\/posts\/61421\/revisions\/61424"}],"wp:featuredmedia":[{"embeddable":true,"href":"https:\/\/zonaroja.com.mx\/index.php?rest_route=\/wp\/v2\/media\/61102"}],"wp:attachment":[{"href":"https:\/\/zonaroja.com.mx\/index.php?rest_route=%2Fwp%2Fv2%2Fmedia&parent=61421"}],"wp:term":[{"taxonomy":"category","embeddable":true,"href":"https:\/\/zonaroja.com.mx\/index.php?rest_route=%2Fwp%2Fv2%2Fcategories&post=61421"},{"taxonomy":"post_tag","embeddable":true,"href":"https:\/\/zonaroja.com.mx\/index.php?rest_route=%2Fwp%2Fv2%2Ftags&post=61421"}],"curies":[{"name":"wp","href":"https:\/\/api.w.org\/{rel}","templated":true}]}}