{"id":61428,"date":"2023-10-27T11:30:00","date_gmt":"2023-10-27T16:30:00","guid":{"rendered":"http:\/\/www.zonaroja.com.mx\/?p=61428"},"modified":"2023-10-27T08:09:37","modified_gmt":"2023-10-27T13:09:37","slug":"segun-hamas-han-asesinado-a-mas-de-7-mil-palestinos","status":"publish","type":"post","link":"https:\/\/zonaroja.com.mx\/?p=61428","title":{"rendered":"Seg\u00fan Ham\u00e1s, han asesinado a m\u00e1s de 7 mil palestinos"},"content":{"rendered":"\n<p>Redacci\u00f3n\/Zona Roja Cdmx.<\/p>\n\n\n\n<p>Ciudad de M\u00e9xico, a 27 de octubre de 2023.- El Ministerio de Salud en la franja gobernada por Hamas ha dicho que m\u00e1s de 7 mil palestinos han muerto en la guerra, cifra que incluye el n\u00famero en disputa por una explosi\u00f3n en un hospital. Es tres veces el total de palestinos fallecidos en la guerra de seis semanas en Gaza en 2014, cuando perdieron la vida 2 mil 251, la mayor\u00eda civiles, seg\u00fan el recuento de Naciones Unidas. El reporte actual incluye m\u00e1s de 2 mil 900 ni\u00f1os y m\u00e1s de mil 500 mujeres.<\/p>\n\n\n\n<p>El ministerio afirm\u00f3 que en los ataques recientes perecieron 750 personas, la cifra letal m\u00e1s alta para un periodo de 24 horas. Un bombardeo a\u00e9reo en la poblaci\u00f3n sure\u00f1a de Khan Younis impact\u00f3 en un edificio residencial donde hab\u00eda 75 personas, seg\u00fan familiares, entre ellas 25 que hab\u00edan huido de otras partes de Gaza.<\/p>\n\n\n\n<p>El brazo armado de Hamas, las Brigadas Qassam, indicaron en su cuenta de Telegram que cerca de 50 rehenes en Gaza hab\u00edan muerto en los ataques. El ej\u00e9rcito israel\u00ed rehus\u00f3 comentar sobre el asunto, que no se pudo verificar con alguna fuente independiente.<\/p>\n\n\n\n<p>En tanto, m\u00e1s de 400 ni\u00f1os palestinos son asesinados o heridos cada d\u00eda por los bombardeos israel\u00edes, report\u00f3 el Unicef. Adem\u00e1s, mil 400 personas han muerto en Israel, seg\u00fan funcionarios, en su mayor\u00eda civiles durante el asalto inicial de Hamas del pasado d\u00eda 7.<\/p>\n\n\n\n<p>NUEVO ATAQUE<\/p>\n\n\n\n<p>Tropas israel\u00edes, con apoyo de tanques y buld\u00f3ceres blindados, lanzaron un ataque \u201cenfocado\u201d en el norte de Gaza, \u201cen preparaci\u00f3n para las siguientes etapas del combate\u201d, declararon las fuerzas armadas del pa\u00eds.<\/p>\n\n\n\n<p>La \u201cincursi\u00f3n a nivel de brigada\u201d, la cual dur\u00f3 horas, fue la m\u00e1s grande en Gaza en fechas recientes, y se realiz\u00f3 con vistas a la muy anticipada ofensiva terrestre que el primer ministro Benjamin Netanyahu ha prometido lanzar.&nbsp;<\/p>\n\n\n\n<p>Israel ha efectuado tambi\u00e9n su bombardeo m\u00e1s intenso de todos los tiempos contra Gaza \u2013donde viven m\u00e1s de 2 millones de personas\u2013, en represalia por el sangriento ataque de Hamas del 7 de octubre.<\/p>\n\n\n\n<p>Los militares israel\u00edes se\u00f1alaron que, en las 24 horas anteriores al reporte, han lanzado 250 ataques a\u00e9reos en toda Gaza, contra objetivos como entradas de t\u00faneles y sitios de lanzamiento de cohetes.&nbsp;<\/p>\n\n\n\n<p>Divulgaron im\u00e1genes granulosas de sus tanques cruzando hacia el enclave sitiado, donde el contralmirante Daniel Hagari, vocero castrense, afirm\u00f3 que las tropas \u201celiminaron \u2018terroristas\u2019, neutralizaron amenazas, desmantelaron explosivos y disiparon emboscadas\u201d, como \u201cparte de nuestra preparaci\u00f3n para las pr\u00f3ximas etapas del combate\u201d.<\/p>\n\n\n\n<p>(Informaci\u00f3n de \u201cThe Independent\u201d en \u201cLa Jornada\u201d)<\/p>\n","protected":false},"excerpt":{"rendered":"<p>Redacci\u00f3n\/Zona Roja Cdmx. Ciudad de M\u00e9xico, a 27 de octubre de 2023.- El Ministerio de&hellip;<\/p>\n","protected":false},"author":2,"featured_media":44324,"comment_status":"closed","ping_status":"open","sticky":false,"template":"","format":"standard","meta":{"_lmt_disableupdate":"","_lmt_disable":"","_jetpack_memberships_contains_paid_content":false,"footnotes":""},"categories":[109,47],"tags":[2668],"class_list":["post-61428","post","type-post","status-publish","format-standard","has-post-thumbnail","hentry","category-minuto-a-minuto","category-zona-gris","tag-conflicto-gaza-israel"],"jetpack_featured_media_url":"https:\/\/zonaroja.com.mx\/wp-content\/uploads\/2022\/08\/Guerra-Gaza-Israel.webp","jetpack_sharing_enabled":true,"_links":{"self":[{"href":"https:\/\/zonaroja.com.mx\/index.php?rest_route=\/wp\/v2\/posts\/61428","targetHints":{"allow":["GET"]}}],"collection":[{"href":"https:\/\/zonaroja.com.mx\/index.php?rest_route=\/wp\/v2\/posts"}],"about":[{"href":"https:\/\/zonaroja.com.mx\/index.php?rest_route=\/wp\/v2\/types\/post"}],"author":[{"embeddable":true,"href":"https:\/\/zonaroja.com.mx\/index.php?rest_route=\/wp\/v2\/users\/2"}],"replies":[{"embeddable":true,"href":"https:\/\/zonaroja.com.mx\/index.php?rest_route=%2Fwp%2Fv2%2Fcomments&post=61428"}],"version-history":[{"count":1,"href":"https:\/\/zonaroja.com.mx\/index.php?rest_route=\/wp\/v2\/posts\/61428\/revisions"}],"predecessor-version":[{"id":61429,"href":"https:\/\/zonaroja.com.mx\/index.php?rest_route=\/wp\/v2\/posts\/61428\/revisions\/61429"}],"wp:featuredmedia":[{"embeddable":true,"href":"https:\/\/zonaroja.com.mx\/index.php?rest_route=\/wp\/v2\/media\/44324"}],"wp:attachment":[{"href":"https:\/\/zonaroja.com.mx\/index.php?rest_route=%2Fwp%2Fv2%2Fmedia&parent=61428"}],"wp:term":[{"taxonomy":"category","embeddable":true,"href":"https:\/\/zonaroja.com.mx\/index.php?rest_route=%2Fwp%2Fv2%2Fcategories&post=61428"},{"taxonomy":"post_tag","embeddable":true,"href":"https:\/\/zonaroja.com.mx\/index.php?rest_route=%2Fwp%2Fv2%2Ftags&post=61428"}],"curies":[{"name":"wp","href":"https:\/\/api.w.org\/{rel}","templated":true}]}}