{"id":61430,"date":"2023-10-27T12:30:00","date_gmt":"2023-10-27T17:30:00","guid":{"rendered":"http:\/\/www.zonaroja.com.mx\/?p=61430"},"modified":"2023-10-27T08:14:53","modified_gmt":"2023-10-27T13:14:53","slug":"tras-licencia-irrita-a-gobernador-de-nuevo-leon-sustituto-panista","status":"publish","type":"post","link":"https:\/\/zonaroja.com.mx\/?p=61430","title":{"rendered":"Tras licencia, irrita a gobernador de Nuevo Le\u00f3n sustituto panista"},"content":{"rendered":"\n<p>Redacci\u00f3n\/Zona Roja Cdmx.<\/p>\n\n\n\n<p>Ciudad de M\u00e9xico, a 27 de octubre de 2023.- La confrontaci\u00f3n entre el gobernador de Nuevo Le\u00f3n y el Congreso suma otro episodio a los m\u00faltiples desencuentros: la solicitud de licencia de Samuel Garc\u00eda para separarse del cargo y la designaci\u00f3n de Jos\u00e9 Arturo Salinas Garza.<\/p>\n\n\n\n<p>Este mi\u00e9rcoles, el Congreso de Nuevo Le\u00f3n concedi\u00f3 al gobernador emecista licencia temporal, efectiva a partir del 2 de diciembre, sin embargo, el gobernador acus\u00f3 que se trata de una designaci\u00f3n ilegal, y adelant\u00f3 que no dejar\u00eda su gobierno al PRIAN.<\/p>\n\n\n\n<p>Samuel Garc\u00eda lleg\u00f3 a Nuevo Le\u00f3n en 2021, sin embargo, encabeza un gobierno dividido debido a que o su partido no tuvo mayor\u00eda en el Congreso del estado. El Poder Legislativo se integra por 14 diputados de Acci\u00f3n Nacional, 14 del Revolucionario Institucional, 11 de Movimiento Ciudadano, dos de Morena y uno del Partido Verde Ecologista de M\u00e9xico.<\/p>\n\n\n\n<p>Esa composici\u00f3n ha complicado al gobernador su gesti\u00f3n.<\/p>\n\n\n\n<p>\u201cHubo un momento muy importante que se da hace un a\u00f1o donde junto con las fuerzas pol\u00edticas logra sacar una nueva Constituci\u00f3n o un nuevo texto constitucional el cual les ha aprobado por 38 diputados. Tenemos ah\u00ed un aspecto muy potente que le da a \u00e9l la posibilidad de redise\u00f1ar sus estructuras, pero empezamos a ver momentos donde hay situaciones de tensi\u00f3n por cuestiones ya espec\u00edficas de nombramientos, de presupuestos, de aspectos que s ha ido generando una tensi\u00f3n pol\u00edtica\u201d, explica Pedro Torres, profesor de la Escuela de Gobierno y Transformaci\u00f3n P\u00fablica del Tecnol\u00f3gico de Monterrey.<\/p>\n\n\n\n<p>En su gobierno, Samuel Garc\u00eda ha tenido claras diferencias con los diputados, entre ellas por la retenci\u00f3n de participaciones estatales, la modificaci\u00f3n del escudo local, por el \u201cveto\u201d al excandidato priista a la gubernatura, Adri\u00e1n de la Garza, para que ocupara la Fiscal\u00eda estatal.<\/p>\n\n\n\n<p>Tambi\u00e9n hubo una confrontaci\u00f3n cuando los diputados advirtieron que abrir\u00edan un proceso de desafuero contra el gobernador.<\/p>\n\n\n\n<p>El pasado 23 de octubre, el gobernador envi\u00f3 a la LXXVI Legislatura del Congreso de Nuevo Le\u00f3n su solicitud para separarse del cargo.<\/p>\n\n\n\n<p>En el escrito inform\u00f3 a los diputados que el secretario general de Gobierno, Javier Luis Navarro Velasco se quedar\u00eda como \u201cencargado del despacho por ministerio de ley\u201d.<\/p>\n\n\n\n<p>El gobernador fundament\u00f3 su decisi\u00f3n en el art\u00edculo 121 de la Constituci\u00f3n de Nuevo Le\u00f3n, la cual establece: \u201ccuando el Congreso del Estado otorgue a el gobernador licencia para ausentarse del Estado por 30 d\u00edas naturales o menos, o el gobernador se encontrase impedido por igual t\u00e9rmino o se ausente por igual t\u00e9rmino, quedar\u00e1 encargado del despacho de los asuntos de tr\u00e1mite el Secretario de despacho que designe el Gobernador\u201d.<\/p>\n\n\n\n<p>Sin embargo, el Congreso de Nuevo Le\u00f3n determin\u00f3 que Jos\u00e9 Arturo Salinas Garza ser\u00eda el gobernador interino. Se trata de un militante de Acci\u00f3n Nacional y presidente del Poder Judicial.<\/p>\n\n\n\n<p>La decisi\u00f3n del Congreso del Estado se fundament\u00f3 en el art\u00edculo 122 de la Constituci\u00f3n local, el cual establece que \u201csi la licencia fuere por m\u00e1s de treinta d\u00edas naturales o en caso de impedimento del Gobernador debidamente comprobado, el Congreso del Estado o la Diputaci\u00f3n Permanente, en su caso, nombrar\u00e1 al ciudadano que se encargue interinamente del Poder Ejecutivo\u201d.<\/p>\n\n\n\n<p>La decisi\u00f3n del congreso, incluso fue criticada por el gobernador de Jalisco, Enrique Alfaro.<\/p>\n\n\n\n<p>(Informaci\u00f3n de \u201cExpansi\u00f3n Pol\u00edtica\u201d)<\/p>\n","protected":false},"excerpt":{"rendered":"<p>Redacci\u00f3n\/Zona Roja Cdmx. Ciudad de M\u00e9xico, a 27 de octubre de 2023.- La confrontaci\u00f3n entre&hellip;<\/p>\n","protected":false},"author":2,"featured_media":61431,"comment_status":"closed","ping_status":"open","sticky":false,"template":"","format":"standard","meta":{"_lmt_disableupdate":"","_lmt_disable":"","_jetpack_memberships_contains_paid_content":false,"footnotes":""},"categories":[109,47],"tags":[3716],"class_list":["post-61430","post","type-post","status-publish","format-standard","has-post-thumbnail","hentry","category-minuto-a-minuto","category-zona-gris","tag-samuel-garcia-nuevo-leon"],"jetpack_featured_media_url":"https:\/\/zonaroja.com.mx\/wp-content\/uploads\/2023\/10\/Samuel-Garcia-Nuevo-Leon.jpeg","jetpack_sharing_enabled":true,"_links":{"self":[{"href":"https:\/\/zonaroja.com.mx\/index.php?rest_route=\/wp\/v2\/posts\/61430","targetHints":{"allow":["GET"]}}],"collection":[{"href":"https:\/\/zonaroja.com.mx\/index.php?rest_route=\/wp\/v2\/posts"}],"about":[{"href":"https:\/\/zonaroja.com.mx\/index.php?rest_route=\/wp\/v2\/types\/post"}],"author":[{"embeddable":true,"href":"https:\/\/zonaroja.com.mx\/index.php?rest_route=\/wp\/v2\/users\/2"}],"replies":[{"embeddable":true,"href":"https:\/\/zonaroja.com.mx\/index.php?rest_route=%2Fwp%2Fv2%2Fcomments&post=61430"}],"version-history":[{"count":1,"href":"https:\/\/zonaroja.com.mx\/index.php?rest_route=\/wp\/v2\/posts\/61430\/revisions"}],"predecessor-version":[{"id":61432,"href":"https:\/\/zonaroja.com.mx\/index.php?rest_route=\/wp\/v2\/posts\/61430\/revisions\/61432"}],"wp:featuredmedia":[{"embeddable":true,"href":"https:\/\/zonaroja.com.mx\/index.php?rest_route=\/wp\/v2\/media\/61431"}],"wp:attachment":[{"href":"https:\/\/zonaroja.com.mx\/index.php?rest_route=%2Fwp%2Fv2%2Fmedia&parent=61430"}],"wp:term":[{"taxonomy":"category","embeddable":true,"href":"https:\/\/zonaroja.com.mx\/index.php?rest_route=%2Fwp%2Fv2%2Fcategories&post=61430"},{"taxonomy":"post_tag","embeddable":true,"href":"https:\/\/zonaroja.com.mx\/index.php?rest_route=%2Fwp%2Fv2%2Ftags&post=61430"}],"curies":[{"name":"wp","href":"https:\/\/api.w.org\/{rel}","templated":true}]}}