{"id":61439,"date":"2023-10-27T17:35:44","date_gmt":"2023-10-27T22:35:44","guid":{"rendered":"http:\/\/www.zonaroja.com.mx\/?p=61439"},"modified":"2023-10-27T17:35:46","modified_gmt":"2023-10-27T22:35:46","slug":"lleva-oaxaca-apoyo-material-y-humano-para-damnificados-por-otis-en-guerrero","status":"publish","type":"post","link":"https:\/\/zonaroja.com.mx\/?p=61439","title":{"rendered":"Lleva Oaxaca apoyo material y humano para damnificados por \u201cOtis\u201d en Guerrero"},"content":{"rendered":"\n<p>Redacci\u00f3n\/Zona Roja.<\/p>\n\n\n\n<p>Oaxaca de Ju\u00e1rez, Oax. 27 de octubre de 2023.-&nbsp;El gobierno de Oaxaca envi\u00f3 hoy al vecino estado de Guerrero una caravana de ayuda humanitaria a los damnificados por el hurac\u00e1n \u201cOtis\u201d.<\/p>\n\n\n\n<p>Est\u00e1 integrada por personal de los Servicios de Salud de Oaxaca (SSO), de Seguridad P\u00fablica y de Protecci\u00f3n Civil,&nbsp;inform\u00f3 la autoridad estatal en un comunicado.<\/p>\n\n\n\n<p>Por parte de los SSO se llevar\u00e1 una brigada conformada por 57 elementos de \u00e1reas m\u00e9dicas, enfermer\u00eda y promotor\u00eda, quienes entregar\u00e1n medicamentos, material de curaci\u00f3n y equipo de operaci\u00f3n.<\/p>\n\n\n\n<p>El Heroico Cuerpo de Bomberos apoyar\u00e1 con personal de b\u00fasqueda, param\u00e9dico, rescatista y motosierrista quienes realizar\u00e1n labores para podar m\u00e1s de mil \u00e1rboles que se encuentran obstruyendo el paso en avenidas, carreteras, escuelas, hospitales y casas.<\/p>\n\n\n\n<p>La Secretar\u00eda de Seguridad y de Protecci\u00f3n Ciudadana (SSPC) enviar\u00e1 30 elementos de la Polic\u00eda Estatal, un autob\u00fas, un cami\u00f3n, dos unidades y herramientas con las que se apoyar\u00e1 con la seguridad y labores de limpieza de espacios.&nbsp;<\/p>\n\n\n\n<p>Asimismo, la Secretar\u00eda de Bienestar, Tequio e Inclusi\u00f3n (Sebienti) se suma a la atenci\u00f3n y apoyo mediante las Caravanas Bienestar, que consta de dos unidades de motor equipadas, dos m\u00e9dicos generales, dos enfermeras y personal de apoyo, quienes brindar\u00e1n consulta m\u00e9dica general y realizar\u00e1n curaciones.<\/p>\n\n\n\n<p>A DONAR TODOS<\/p>\n\n\n\n<p>El Gobierno del Estado a trav\u00e9s del Sistema Estatal para el Desarrollo Integral de la Familia (DIF) Oaxaca convoca a la poblaci\u00f3n a sumarse y realizar la donaci\u00f3n de v\u00edveres entre alimentos no perecederos como aceite, az\u00facar, harina, agua purificada y frijol.<\/p>\n\n\n\n<p>Tambi\u00e9n se pueden donar art\u00edculos de limpieza como escobas, jab\u00f3n y detergente; art\u00edculos de aseo personal como papel higi\u00e9nico, pasta dental, jab\u00f3n de tocador, toallas sanitarias y pa\u00f1ales; y medicamentos sin caducar y sellados, as\u00ed como ropa limpia para personas de distintas edades en buen estado.<\/p>\n\n\n\n<p>Las personas pueden realizar sus donaciones&nbsp;hasta el 31 de octubre&nbsp;en los ocho Centros de Acopio habilitados que ya se encuentran habilitados, en un horario&nbsp;de 8:00 a 19:00&nbsp;horas:<\/p>\n\n\n\n<ul class=\"wp-block-list\">\n<li>Gasolinera Fonapas del DIF ubicada en la esquina que conforman la calzada H\u00e9roes de Chapultepec y Benito Ju\u00e1rez.<\/li>\n<\/ul>\n\n\n\n<ul class=\"wp-block-list\">\n<li>En las oficinas Centrales del Sistema DIF Oaxaca localizadas en la calle Vicente Guerrero, n\u00famero 114, en la colonia Miguel Alem\u00e1n, Oaxaca de Ju\u00e1rez.<\/li>\n<\/ul>\n\n\n\n<ul class=\"wp-block-list\">\n<li>En el CAIC n\u00famero 3 situado en la calle Divisi\u00f3n Oriente, n\u00famero 225, en el barrio del Ex-Marquezado.<\/li>\n<\/ul>\n\n\n\n<ul class=\"wp-block-list\">\n<li>En el CAIC n\u00famero 5 ubicado en la avenida Cuauht\u00e9moc y Gonz\u00e1lez Ortega, sin n\u00famero, en el centro de Oaxaca de Ju\u00e1rez.<\/li>\n<\/ul>\n\n\n\n<ul class=\"wp-block-list\">\n<li>En el CAIC n\u00famero 6 localizado en la calle de Prolongaci\u00f3n de Refugio esquina calle&nbsp;5 de Febrero, en la Unidad Modelo, en Oaxaca de Ju\u00e1rez.<\/li>\n<\/ul>\n\n\n\n<ul class=\"wp-block-list\">\n<li>En el CAIC n\u00famero 7 que se sit\u00faa en la calle Palmeras esquina Amapolas, sin n\u00famero, en la colonia Reforma de Oaxaca de Ju\u00e1rez.<\/li>\n<\/ul>\n\n\n\n<ul class=\"wp-block-list\">\n<li>En el CAIC n\u00famero 9 que se ubica en la avenida Itandehui, n\u00famero 310, en la colonia Miguel Hidalgo, en la agencia municipal de San Mart\u00edn Mexicapam, en Oaxaca de Ju\u00e1rez.<\/li>\n<\/ul>\n\n\n\n<ul class=\"wp-block-list\">\n<li>Tambi\u00e9n se instalar\u00e1 un centro de acopio en el Palacio de Gobierno en la&nbsp;calle Valerio Trujano, Centro Hist\u00f3rico.<\/li>\n<\/ul>\n","protected":false},"excerpt":{"rendered":"<p>Redacci\u00f3n\/Zona Roja. Oaxaca de Ju\u00e1rez, Oax. 27 de octubre de 2023.-&nbsp;El gobierno de Oaxaca envi\u00f3&hellip;<\/p>\n","protected":false},"author":2,"featured_media":61438,"comment_status":"closed","ping_status":"open","sticky":false,"template":"","format":"standard","meta":{"_lmt_disableupdate":"","_lmt_disable":"","_jetpack_memberships_contains_paid_content":false,"footnotes":""},"categories":[109,46],"tags":[],"class_list":["post-61439","post","type-post","status-publish","format-standard","has-post-thumbnail","hentry","category-minuto-a-minuto","category-zona-blanca"],"jetpack_featured_media_url":"https:\/\/zonaroja.com.mx\/wp-content\/uploads\/2023\/10\/62ecc406-a547-4a3f-ab85-51237009ae5e-1.jpg","jetpack_sharing_enabled":true,"_links":{"self":[{"href":"https:\/\/zonaroja.com.mx\/index.php?rest_route=\/wp\/v2\/posts\/61439","targetHints":{"allow":["GET"]}}],"collection":[{"href":"https:\/\/zonaroja.com.mx\/index.php?rest_route=\/wp\/v2\/posts"}],"about":[{"href":"https:\/\/zonaroja.com.mx\/index.php?rest_route=\/wp\/v2\/types\/post"}],"author":[{"embeddable":true,"href":"https:\/\/zonaroja.com.mx\/index.php?rest_route=\/wp\/v2\/users\/2"}],"replies":[{"embeddable":true,"href":"https:\/\/zonaroja.com.mx\/index.php?rest_route=%2Fwp%2Fv2%2Fcomments&post=61439"}],"version-history":[{"count":1,"href":"https:\/\/zonaroja.com.mx\/index.php?rest_route=\/wp\/v2\/posts\/61439\/revisions"}],"predecessor-version":[{"id":61440,"href":"https:\/\/zonaroja.com.mx\/index.php?rest_route=\/wp\/v2\/posts\/61439\/revisions\/61440"}],"wp:featuredmedia":[{"embeddable":true,"href":"https:\/\/zonaroja.com.mx\/index.php?rest_route=\/wp\/v2\/media\/61438"}],"wp:attachment":[{"href":"https:\/\/zonaroja.com.mx\/index.php?rest_route=%2Fwp%2Fv2%2Fmedia&parent=61439"}],"wp:term":[{"taxonomy":"category","embeddable":true,"href":"https:\/\/zonaroja.com.mx\/index.php?rest_route=%2Fwp%2Fv2%2Fcategories&post=61439"},{"taxonomy":"post_tag","embeddable":true,"href":"https:\/\/zonaroja.com.mx\/index.php?rest_route=%2Fwp%2Fv2%2Ftags&post=61439"}],"curies":[{"name":"wp","href":"https:\/\/api.w.org\/{rel}","templated":true}]}}