{"id":6144,"date":"2019-11-28T07:35:35","date_gmt":"2019-11-28T13:35:35","guid":{"rendered":"http:\/\/www.zonaroja.com.mx\/?p=6144"},"modified":"2019-11-28T22:14:39","modified_gmt":"2019-11-29T04:14:39","slug":"un-asesinado-y-un-herido-de-bala-saldo-de-las-ultimas-horas-en-oaxaca","status":"publish","type":"post","link":"https:\/\/zonaroja.com.mx\/?p=6144","title":{"rendered":"Un asesinado y un herido de bala, saldo de las \u00faltimas horas en Oaxaca"},"content":{"rendered":"\n<p>Redacci\u00f3n\/Zona Roja.<\/p>\n\n\n\n<p>Oaxaca de Ju\u00e1rez, Oax., 28 de noviembre\nde 2019.- Una persona asesinada en la regi\u00f3n de la Cuenca del Papaloapan y un\nherido de bala en los Valles Centrales es el saldo violento en las \u00faltimas\nhoras en la entidad oaxaque\u00f1a.<\/p>\n\n\n\n<p>Seg\u00fan informes de corporaciones de\nseguridad p\u00fablica, en los primeros minutos de este mi\u00e9rcoles en Acatl\u00e1n de\nP\u00e9rez Figueroa fue ultimado a balazos un individuo, identificado como Ren\u00e9\nAmador L\u00f3pez, de 27 a\u00f1os de edad.<\/p>\n\n\n\n<p>Los hechos ocurrieron en la calle Josefa\nOrtiz de Dom\u00ednguez esquina con avenida Principal, del Ejido Miguel Hidalgo; la\nv\u00edctima viajaba a bordo de su motocicleta cuando fue ultimado a balazos y de\nlos agresores no se tiene ninguna pista.<\/p>\n\n\n\n<p>Mientras tanto, anoche en el exterior de\nun centro comercial de Santa Cruz Xoxocotl\u00e1n, una persona del sexo masculino\nfue atacada a balazos.<\/p>\n\n\n\n<p>Presuntamente se trata de un integrante\nde una organizaci\u00f3n de transportistas, que fue identificado como Pedro David R\u00edos,\nquien fue llevado de emergencia a un hospital de la ciudad capital.<\/p>\n\n\n\n<p>El ataque armado ocurri\u00f3 minutos despu\u00e9s\nde las 19:00 horas, sobre el bulevar Guadalupe Hinojosa y tampoco se tienen\nindicios del o los probables agresores.<\/p>\n","protected":false},"excerpt":{"rendered":"<p>Redacci\u00f3n\/Zona Roja. Oaxaca de Ju\u00e1rez, Oax., 28 de noviembre de 2019.- Una persona asesinada en&hellip;<\/p>\n","protected":false},"author":2,"featured_media":6145,"comment_status":"closed","ping_status":"open","sticky":false,"template":"","format":"standard","meta":{"_lmt_disableupdate":"","_lmt_disable":"","_jetpack_memberships_contains_paid_content":false,"footnotes":""},"categories":[109,51],"tags":[187],"class_list":["post-6144","post","type-post","status-publish","format-standard","has-post-thumbnail","hentry","category-minuto-a-minuto","category-zona-roja","tag-acatlan-de-perez-figueroa"],"jetpack_featured_media_url":"https:\/\/zonaroja.com.mx\/wp-content\/uploads\/2019\/11\/PHOTO-2019-11-27-19-55-52.jpg","jetpack_sharing_enabled":true,"_links":{"self":[{"href":"https:\/\/zonaroja.com.mx\/index.php?rest_route=\/wp\/v2\/posts\/6144","targetHints":{"allow":["GET"]}}],"collection":[{"href":"https:\/\/zonaroja.com.mx\/index.php?rest_route=\/wp\/v2\/posts"}],"about":[{"href":"https:\/\/zonaroja.com.mx\/index.php?rest_route=\/wp\/v2\/types\/post"}],"author":[{"embeddable":true,"href":"https:\/\/zonaroja.com.mx\/index.php?rest_route=\/wp\/v2\/users\/2"}],"replies":[{"embeddable":true,"href":"https:\/\/zonaroja.com.mx\/index.php?rest_route=%2Fwp%2Fv2%2Fcomments&post=6144"}],"version-history":[{"count":2,"href":"https:\/\/zonaroja.com.mx\/index.php?rest_route=\/wp\/v2\/posts\/6144\/revisions"}],"predecessor-version":[{"id":6177,"href":"https:\/\/zonaroja.com.mx\/index.php?rest_route=\/wp\/v2\/posts\/6144\/revisions\/6177"}],"wp:featuredmedia":[{"embeddable":true,"href":"https:\/\/zonaroja.com.mx\/index.php?rest_route=\/wp\/v2\/media\/6145"}],"wp:attachment":[{"href":"https:\/\/zonaroja.com.mx\/index.php?rest_route=%2Fwp%2Fv2%2Fmedia&parent=6144"}],"wp:term":[{"taxonomy":"category","embeddable":true,"href":"https:\/\/zonaroja.com.mx\/index.php?rest_route=%2Fwp%2Fv2%2Fcategories&post=6144"},{"taxonomy":"post_tag","embeddable":true,"href":"https:\/\/zonaroja.com.mx\/index.php?rest_route=%2Fwp%2Fv2%2Ftags&post=6144"}],"curies":[{"name":"wp","href":"https:\/\/api.w.org\/{rel}","templated":true}]}}