{"id":61441,"date":"2023-10-27T19:06:35","date_gmt":"2023-10-28T00:06:35","guid":{"rendered":"http:\/\/www.zonaroja.com.mx\/?p=61441"},"modified":"2023-10-27T19:06:38","modified_gmt":"2023-10-28T00:06:38","slug":"repunta-actividad-economica-de-oaxaca-en-12-8-es-primer-lugar-nacional","status":"publish","type":"post","link":"https:\/\/zonaroja.com.mx\/?p=61441","title":{"rendered":"Repunta actividad econ\u00f3mica de Oaxaca en 12.8%; es primer lugar nacional"},"content":{"rendered":"\n<p>Ismael Garc\u00eda M.\/Zona Roja.<\/p>\n\n\n\n<p>Oaxca de Ju\u00e1rez, Oax., a 27 de octubre de 2023.- La actividad econ\u00f3mica del estado de Oaxaca repunt\u00f3 en 12.8 por cierto durante el segundo trimestre de este a\u00f1o del 2023, report\u00f3 el Instituto Nacional de Geograf\u00eda y Estad\u00edstica (Inegi).<\/p>\n\n\n\n<p>En un comunicado, destac\u00f3 que las actividades primaras registraron un decremento anual de 3 por ciento; las secundarias tuvieron un ascenso de 28.4 por ciento y las terciarias y un aumento a 7.1 por ciento.<\/p>\n\n\n\n<p>Con esos resultados, Oaxaca se ubico en el primer lugar a nivel nacional por crecimiento econ\u00f3mico, durante los meses abril, mayo y junio del presente a\u00f1o.<\/p>\n\n\n\n<p>De acuerdo con el Inegi, el Indicador Trimestral de la Actividad Econ\u00f3mica Estatal (ITAEE) es una medici\u00f3n de coyuntura que ofrece un panorama sobre la evoluci\u00f3n econ\u00f3mica de las entidades federativas del pa\u00eds.<\/p>\n\n\n\n<p>Al igual que todos los productos derivados del Sistema de Cuentas Nacionales de M\u00e9xico, en estos c\u00e1lculos se incorporaron los conceptos y metodolog\u00edas en materia de contabilidad nacional que sugieren los organismos internacionales en el \u00abManual del Sistema de Cuentas Nacionales 2008\u00bb.<\/p>\n\n\n\n<p>En el caso de Oaxaca, durante el segundo trimestre de 2023, la actividad econ\u00f3mica de Oaxaca mostr\u00f3 un movimiento anual de 12.8 por ciento. Este result\u00f3 del crecimiento de las actividades secundarias y terciarias de 28.4 y 7.1 %, respectivamente. Por su parte, las primarias registraron una reducci\u00f3n de 3 por ciento.<\/p>\n\n\n\n<p>Durante el periodo enero a junio de 2023, el acumulado de la actividad econ\u00f3mica estatal avanz\u00f3 10.6 %, por el incremento en las actividades secundarias y terciarias de 20.9 y 6.7 %, respectivamente; a su vez, las primarias se contrajeron 3 por ciento.<\/p>\n\n\n\n<p>A\u00f1adi\u00f3 que en el trimestre de estudio, las actividades secundarias contribuyeron 8.3 % a la variaci\u00f3n total del estado. Por su parte, en los primeros seis meses del a\u00f1o, tambi\u00e9n, las actividades secundarias fueron las de mayor aportaci\u00f3n.<\/p>\n\n\n\n<p>En el segundo trimestre de 2023, las actividades primarias (sector agricultura, cr\u00eda y explotaci\u00f3n de animales, aprovechamiento forestal, pesca y caza) reportaron un decremento anual de 3 %, principalmente por el comportamiento de la agricultura; con ello, Oaxaca se situ\u00f3 en el lugar 22 a nivel nacional.<\/p>\n\n\n\n<p>Las actividades secundarias corresponden a los sectores dedicados a la industria de la miner\u00eda, manufacturas, construcci\u00f3n y electricidad. El ascenso anual de 28.4% de las actividades secundarias ubic\u00f3 a Oaxaca en el lugar dos de las 32 entidades federativas del pa\u00eds.<\/p>\n\n\n\n<p>Las actividades terciarias incluyen los sectores dedicados a la distribuci\u00f3n de bienes y aquellas actividades relativas a operaciones con informaci\u00f3n o con activos, as\u00ed como a servicios cuyo insumo principal es el conocimiento y la experiencia del personal. Incluyen tambi\u00e9n todo lo relacionado con la recreaci\u00f3n y el gobierno.&nbsp;<\/p>\n\n\n\n<p>En el segundo trimestre de 2023, Oaxaca registr\u00f3 una variaci\u00f3n anual de 7.1% en estas actividades, lo que ubic\u00f3 a este estado en el primer lugar a nivel nacional.<\/p>\n\n\n\n<p>Finalmente, en el segundo trimestre de 2023, el incremento de 12.8% en el total de la actividad econ\u00f3mica ubic\u00f3 a Oaxaca en el primer lugar a nivel nacional.<\/p>\n\n\n\n<p>Campeche, Chiapas, Oaxaca, Quintana Roo, Tabasco, Veracruz de Ignacio de la Llave y Yucat\u00e1n conforman la regi\u00f3n sur-sureste del pa\u00eds.&nbsp;<\/p>\n\n\n\n<p>En el segundo trimestre de 2023, la actividad econ\u00f3mica en esta regi\u00f3n represent\u00f3 15.7 % del total del pa\u00eds y contribuy\u00f3 con 0.98 puntos porcentuales a la variaci\u00f3n nacional.&nbsp;<\/p>\n\n\n\n<p>En el segundo trimestre de 2023, Tabasco y Oaxaca fueron las entidades que influyeron, en mayor medida, en la variaci\u00f3n del total de la actividad econ\u00f3mica de la regi\u00f3n.<\/p>\n","protected":false},"excerpt":{"rendered":"<p>Ismael Garc\u00eda M.\/Zona Roja. Oaxca de Ju\u00e1rez, Oax., a 27 de octubre de 2023.- La&hellip;<\/p>\n","protected":false},"author":2,"featured_media":17027,"comment_status":"closed","ping_status":"open","sticky":false,"template":"","format":"standard","meta":{"_lmt_disableupdate":"","_lmt_disable":"","_jetpack_memberships_contains_paid_content":false,"footnotes":""},"categories":[109,46],"tags":[1331],"class_list":["post-61441","post","type-post","status-publish","format-standard","has-post-thumbnail","hentry","category-minuto-a-minuto","category-zona-blanca","tag-instituto-nacional-de-geografia-y-estadistica-inegi"],"jetpack_featured_media_url":"https:\/\/zonaroja.com.mx\/wp-content\/uploads\/2020\/08\/Sector-construccion.jpg","jetpack_sharing_enabled":true,"_links":{"self":[{"href":"https:\/\/zonaroja.com.mx\/index.php?rest_route=\/wp\/v2\/posts\/61441","targetHints":{"allow":["GET"]}}],"collection":[{"href":"https:\/\/zonaroja.com.mx\/index.php?rest_route=\/wp\/v2\/posts"}],"about":[{"href":"https:\/\/zonaroja.com.mx\/index.php?rest_route=\/wp\/v2\/types\/post"}],"author":[{"embeddable":true,"href":"https:\/\/zonaroja.com.mx\/index.php?rest_route=\/wp\/v2\/users\/2"}],"replies":[{"embeddable":true,"href":"https:\/\/zonaroja.com.mx\/index.php?rest_route=%2Fwp%2Fv2%2Fcomments&post=61441"}],"version-history":[{"count":1,"href":"https:\/\/zonaroja.com.mx\/index.php?rest_route=\/wp\/v2\/posts\/61441\/revisions"}],"predecessor-version":[{"id":61442,"href":"https:\/\/zonaroja.com.mx\/index.php?rest_route=\/wp\/v2\/posts\/61441\/revisions\/61442"}],"wp:featuredmedia":[{"embeddable":true,"href":"https:\/\/zonaroja.com.mx\/index.php?rest_route=\/wp\/v2\/media\/17027"}],"wp:attachment":[{"href":"https:\/\/zonaroja.com.mx\/index.php?rest_route=%2Fwp%2Fv2%2Fmedia&parent=61441"}],"wp:term":[{"taxonomy":"category","embeddable":true,"href":"https:\/\/zonaroja.com.mx\/index.php?rest_route=%2Fwp%2Fv2%2Fcategories&post=61441"},{"taxonomy":"post_tag","embeddable":true,"href":"https:\/\/zonaroja.com.mx\/index.php?rest_route=%2Fwp%2Fv2%2Ftags&post=61441"}],"curies":[{"name":"wp","href":"https:\/\/api.w.org\/{rel}","templated":true}]}}