{"id":61449,"date":"2023-10-27T20:44:07","date_gmt":"2023-10-28T01:44:07","guid":{"rendered":"http:\/\/www.zonaroja.com.mx\/?p=61449"},"modified":"2023-10-27T20:44:09","modified_gmt":"2023-10-28T01:44:09","slug":"opinion-los-motivos-del-ezln","status":"publish","type":"post","link":"https:\/\/zonaroja.com.mx\/?p=61449","title":{"rendered":"Opini\u00f3n. Los motivos del EZLN"},"content":{"rendered":"\n<p>Diego Enrique Osorno*<\/p>\n\n\n\n<p>Hace casi dos a\u00f1os concluy\u00f3 en Europa el primero de una serie de viajes que anunci\u00f3 el EZLN a lo largo de los cinco continentes, como parte de su Traves\u00eda por la Vida, la m\u00e1s reciente de una larga lista de iniciativas civiles y pac\u00edficas llevadas a cabo en los \u00faltimos a\u00f1os por la organizaci\u00f3n que se levant\u00f3 en armas el 1 de enero de 1994.<\/p>\n\n\n\n<p>Tras el regreso de las mujeres, hombres y ni\u00f1os enviados, el grupo rebelde emiti\u00f3 el 15 de diciembre de 2021 un comunicado para agradecer a quienes recibieron a los 170 zapatistas que volaron y navegaron desde sus pueblos y comunidades de la selva lacandona a tierras europeas renombradas como Slumil k\u2019ajxemk\u2019op (Tierra Insumisa, en tzeltal).<\/p>\n\n\n\n<p>\u201cRegresamos con una herida en el coraz\u00f3n que es de vida. Una herida que no dejamos que se cierre\u201d, dice aquel texto firmado por el Subcomandante Mois\u00e9s, en el cual se explica tambi\u00e9n que los delegados zapatistas informar\u00edan en sus pueblos y comunidades lo que hab\u00edan visto y escuchado durante sus tres meses de andanzas y encuentros del otro lado del Atl\u00e1ntico.<\/p>\n\n\n\n<p>A partir de entonces, la comandancia zapatista ha emitido poca comunicaci\u00f3n p\u00fablica, como un pronunciamiento contra la invasi\u00f3n del ej\u00e9rcito ruso a Ucrania, otro en conjunto con el Congreso Nacional Ind\u00edgena (CNI) cuestionando el desalojo realizado por la Marina al campamento \u201cTierra y Libertad\u201d en la comunidad mije de Mogo\u00f1e Viejo, Guichicovi, Oaxaca, tras el paso de la caravana \u201cEl Sur Resiste\u201d y, finalmente, su postura sobre la guerra en Palestina e Israel.<\/p>\n\n\n\n<p>En ese mismo periodo de tiempo y de manera m\u00e1s aguda en meses recientes, la situaci\u00f3n ha ido degrad\u00e1ndose a lo largo de Chiapas, en medio de devastadores megaproyectos econ\u00f3micos, una grave crisis migratoria y la proliferaci\u00f3n de grupos ilegales y legales portando armamento de alto calibre no visto antes. \u201cChiapas al borde de la guerra civil\u201d, se titulaba otro comunicado zapatista emitido desde septiembre de 2021.<\/p>\n\n\n\n<p>Hasta el momento, no se sabe a\u00fan si continuar\u00e1 la Traves\u00eda por la Vida iniciada por los zapatistas. La primera parte de su m\u00e1s nueva comunicaci\u00f3n, dada a conocer a principios de esta semana, fue la reproducci\u00f3n \u00edntegra del poema de Rub\u00e9n Dar\u00edo, \u00abLos motivos del lobo\u00bb.<\/p>\n\n\n\n<p>Pr\u00f3ximamente conoceremos los motivos del EZLN.<\/p>\n\n\n\n<p>*Escritor y periodista.<\/p>\n\n\n\n<p>@DiegoEOsorno<\/p>\n","protected":false},"excerpt":{"rendered":"<p>Diego Enrique Osorno* Hace casi dos a\u00f1os concluy\u00f3 en Europa el primero de una serie&hellip;<\/p>\n","protected":false},"author":2,"featured_media":48560,"comment_status":"closed","ping_status":"open","sticky":false,"template":"","format":"standard","meta":{"_lmt_disableupdate":"","_lmt_disable":"","_jetpack_memberships_contains_paid_content":false,"footnotes":""},"categories":[456,109],"tags":[3020],"class_list":["post-61449","post","type-post","status-publish","format-standard","has-post-thumbnail","hentry","category-columna","category-minuto-a-minuto","tag-diego-enrique-osorno"],"jetpack_featured_media_url":"https:\/\/zonaroja.com.mx\/wp-content\/uploads\/2022\/11\/Diego-Enrique-Osorno.jpeg","jetpack_sharing_enabled":true,"_links":{"self":[{"href":"https:\/\/zonaroja.com.mx\/index.php?rest_route=\/wp\/v2\/posts\/61449","targetHints":{"allow":["GET"]}}],"collection":[{"href":"https:\/\/zonaroja.com.mx\/index.php?rest_route=\/wp\/v2\/posts"}],"about":[{"href":"https:\/\/zonaroja.com.mx\/index.php?rest_route=\/wp\/v2\/types\/post"}],"author":[{"embeddable":true,"href":"https:\/\/zonaroja.com.mx\/index.php?rest_route=\/wp\/v2\/users\/2"}],"replies":[{"embeddable":true,"href":"https:\/\/zonaroja.com.mx\/index.php?rest_route=%2Fwp%2Fv2%2Fcomments&post=61449"}],"version-history":[{"count":1,"href":"https:\/\/zonaroja.com.mx\/index.php?rest_route=\/wp\/v2\/posts\/61449\/revisions"}],"predecessor-version":[{"id":61450,"href":"https:\/\/zonaroja.com.mx\/index.php?rest_route=\/wp\/v2\/posts\/61449\/revisions\/61450"}],"wp:featuredmedia":[{"embeddable":true,"href":"https:\/\/zonaroja.com.mx\/index.php?rest_route=\/wp\/v2\/media\/48560"}],"wp:attachment":[{"href":"https:\/\/zonaroja.com.mx\/index.php?rest_route=%2Fwp%2Fv2%2Fmedia&parent=61449"}],"wp:term":[{"taxonomy":"category","embeddable":true,"href":"https:\/\/zonaroja.com.mx\/index.php?rest_route=%2Fwp%2Fv2%2Fcategories&post=61449"},{"taxonomy":"post_tag","embeddable":true,"href":"https:\/\/zonaroja.com.mx\/index.php?rest_route=%2Fwp%2Fv2%2Ftags&post=61449"}],"curies":[{"name":"wp","href":"https:\/\/api.w.org\/{rel}","templated":true}]}}