{"id":61473,"date":"2023-10-28T17:34:00","date_gmt":"2023-10-28T22:34:00","guid":{"rendered":"http:\/\/www.zonaroja.com.mx\/?p=61473"},"modified":"2023-10-28T08:41:33","modified_gmt":"2023-10-28T13:41:33","slug":"realizan-14-vuelos-en-primer-dia-de-puente-aereo-para-rescatar-a-varados-en-guerrero","status":"publish","type":"post","link":"https:\/\/zonaroja.com.mx\/?p=61473","title":{"rendered":"Realizan 14 vuelos en primer d\u00eda de puente a\u00e9reo para rescatar a varados en Guerrero"},"content":{"rendered":"\n<p>Redacci\u00f3n\/Zona Roja Cdmx.<\/p>\n\n\n\n<p>Ciudad de M\u00e9xico, a 28 de octubre de 2023.- La SICT confirm\u00f3 que en su primera jornada, el puente a\u00e9reo humanitario Acapulco-Ciudad de M\u00e9xico realiz\u00f3 14 vuelos en apoyo a las personas varadas en Guerrero. En los pr\u00f3ximos d\u00edas las personas que deseen dejar la ciudad se pueden acercar a los puntos de encuentro a partir de las 08:00 horas.<\/p>\n\n\n\n<p>La Secretar\u00eda de Seguridad y Protecci\u00f3n Ciudadana (SSPC) anunci\u00f3 que la Comisi\u00f3n Federal de Electricidad logr\u00f3 restablecer la luz el\u00e9ctrica para el 50% de los usuarios afectados por el hurac\u00e1n \u201cOtis\u201d.&nbsp;<\/p>\n\n\n\n<p>De acuerdo con estimaciones de la comisi\u00f3n, m\u00e1s de 500 mil personas se quedaron sin suministro debido a los da\u00f1os que el cicl\u00f3n caus\u00f3 en la infraestructura.<\/p>\n\n\n\n<p>A pesar de la llegada de trabajadores de CFE, el suministro de la energ\u00eda no ha avanzado por las condiciones del puerto tras el paso del hurac\u00e1n.<\/p>\n\n\n\n<p>El Servicio de Administraci\u00f3n Tributaria (SAT) anunci\u00f3 que considerar\u00e1 d\u00edas inh\u00e1biles desde el 25 de octubre hasta el 10 de noviembre. \u00c9sto con el fin de no perjudicar a los contribuyentes que tienen su domicilio en una de las zonas afectadas por el paso de \u201cOtis\u00bb.<\/p>\n\n\n\n<p>\u201cNo se computar\u00e1n plazos y t\u00e9rminos legales correspondientes a actas, tr\u00e1mites y procedimientos en las unidades administrativas del SAT\u201d, explic\u00f3 la dependencia en un comunicado.<\/p>\n\n\n\n<p>Rosa Icela Rodr\u00edguez, titular de la Secretar\u00eda de Seguridad y Protecci\u00f3n Ciudadana viaj\u00f3 junto a Luisa Mar\u00eda Alcalde, secretaria de Gobernaci\u00f3n a Acapulco, Guerrero para apoyar en los trabajos en las comunidades afectadas por el fen\u00f3meno hidrometeorol\u00f3gico.<\/p>\n\n\n\n<p>ALERTA DA\u00d1ADA<\/p>\n\n\n\n<p>El Centro de Instrumentaci\u00f3n y Registro S\u00edsmico A.C. inform\u00f3 que ingenieros consiguieron reconectar 6 sensores de la Costa Chica de Guerrero que resultaron da\u00f1ados por el hurac\u00e1n \u201cOtis\u201d. Con \u00e9sto se consigui\u00f3 un avance del 25% en la recuperaci\u00f3n de la zona de detecci\u00f3n s\u00edsmica afectada.<\/p>\n\n\n\n<p>Las brigadas trabajar\u00e1n lo que resta de este d\u00eda y el 28 de octubre en la comunidad, Papanoa para el restablecimiento de la comunicaci\u00f3n con 13 sensores m\u00e1s. No obstante. el panaroma es complejo, porque varios sensores m\u00e1s est\u00e1n gravemente da\u00f1ados.<\/p>\n\n\n\n<p>En la localidad de San Pedro hay una torre de energ\u00eda solar colapsada, al igual que en la central de registro y emisi\u00f3n de la se\u00f1al de alerta en el C4 de Acapulco.<\/p>\n\n\n\n<p>D\u00f3nde est\u00e1n los sensores de la Alerta S\u00edsmica afectados por el hurac\u00e1n Otis<\/p>\n\n\n\n<p>El paso del hurac\u00e1n provoc\u00f3 afectaci\u00f3n en algunos sensores del Oc\u00e9ano Pac\u00edfico, por lo que no se podr\u00e1 emitir la alerta en caso de actividad s\u00edsmica<\/p>\n\n\n\n<p>La madrugada del mi\u00e9rcoles 25 de octubre, la Comisi\u00f3n Nacional del Agua (CONAGUA) inform\u00f3 que el hurac\u00e1n \u201cOtis\u201d, el cual ya se hab\u00eda fortalecido a categor\u00eda 5, hab\u00eda tocado tierra en la Costa Grande de Guerrero, por lo que su paso por este importante destino tur\u00edstico del pa\u00eds dej\u00f3 devastaci\u00f3n en gran parte de la zona hotelera de Acapulco y, hasta el momento de la publicaci\u00f3n de esta nota, hay 27 personas sin vida, docenas en calidad de desaparecidos y miles de damnificados.<\/p>\n\n\n\n<p>(Informaci\u00f3n de Infobae M\u00e9xico)<\/p>\n","protected":false},"excerpt":{"rendered":"<p>Redacci\u00f3n\/Zona Roja Cdmx. Ciudad de M\u00e9xico, a 28 de octubre de 2023.- La SICT confirm\u00f3&hellip;<\/p>\n","protected":false},"author":2,"featured_media":61474,"comment_status":"closed","ping_status":"open","sticky":false,"template":"","format":"standard","meta":{"_lmt_disableupdate":"","_lmt_disable":"","_jetpack_memberships_contains_paid_content":false,"footnotes":""},"categories":[109,46],"tags":[3713],"class_list":["post-61473","post","type-post","status-publish","format-standard","has-post-thumbnail","hentry","category-minuto-a-minuto","category-zona-blanca","tag-huracan-otis"],"jetpack_featured_media_url":"https:\/\/zonaroja.com.mx\/wp-content\/uploads\/2023\/10\/Ayuda-huracan-Otis-Acapulco-Guerrero.jpeg","jetpack_sharing_enabled":true,"_links":{"self":[{"href":"https:\/\/zonaroja.com.mx\/index.php?rest_route=\/wp\/v2\/posts\/61473","targetHints":{"allow":["GET"]}}],"collection":[{"href":"https:\/\/zonaroja.com.mx\/index.php?rest_route=\/wp\/v2\/posts"}],"about":[{"href":"https:\/\/zonaroja.com.mx\/index.php?rest_route=\/wp\/v2\/types\/post"}],"author":[{"embeddable":true,"href":"https:\/\/zonaroja.com.mx\/index.php?rest_route=\/wp\/v2\/users\/2"}],"replies":[{"embeddable":true,"href":"https:\/\/zonaroja.com.mx\/index.php?rest_route=%2Fwp%2Fv2%2Fcomments&post=61473"}],"version-history":[{"count":1,"href":"https:\/\/zonaroja.com.mx\/index.php?rest_route=\/wp\/v2\/posts\/61473\/revisions"}],"predecessor-version":[{"id":61475,"href":"https:\/\/zonaroja.com.mx\/index.php?rest_route=\/wp\/v2\/posts\/61473\/revisions\/61475"}],"wp:featuredmedia":[{"embeddable":true,"href":"https:\/\/zonaroja.com.mx\/index.php?rest_route=\/wp\/v2\/media\/61474"}],"wp:attachment":[{"href":"https:\/\/zonaroja.com.mx\/index.php?rest_route=%2Fwp%2Fv2%2Fmedia&parent=61473"}],"wp:term":[{"taxonomy":"category","embeddable":true,"href":"https:\/\/zonaroja.com.mx\/index.php?rest_route=%2Fwp%2Fv2%2Fcategories&post=61473"},{"taxonomy":"post_tag","embeddable":true,"href":"https:\/\/zonaroja.com.mx\/index.php?rest_route=%2Fwp%2Fv2%2Ftags&post=61473"}],"curies":[{"name":"wp","href":"https:\/\/api.w.org\/{rel}","templated":true}]}}