{"id":61476,"date":"2023-10-28T18:46:00","date_gmt":"2023-10-28T23:46:00","guid":{"rendered":"http:\/\/www.zonaroja.com.mx\/?p=61476"},"modified":"2023-10-28T08:47:59","modified_gmt":"2023-10-28T13:47:59","slug":"advierten-que-la-crisis-climatica-es-la-tercera-guerra-mundial","status":"publish","type":"post","link":"https:\/\/zonaroja.com.mx\/?p=61476","title":{"rendered":"Advierten que la crisis clim\u00e1tica es la tercera guerra mundial"},"content":{"rendered":"\n<p>Redacci\u00f3n\/Zona Roja Cdmx.<\/p>\n\n\n\n<p>Ciudad de M\u00e9xico, a 28 de octubre de 2023.- El m\u00e9dico internista y coordinador del equipo de salud de la Cooperaci\u00f3n Europea de Salud Global, Juan Garay, asegur\u00f3 que \u00abla crisis clim\u00e1tica es la tercera guerra mundial\u00bb que causa \u00abtres veces m\u00e1s muertes que el total de muertes de las guerras del siglo XX\u00bb, aunque esta vez \u00ablas armas son las emisiones y la forma de vida\u00bb.<\/p>\n\n\n\n<p>\u00abSin atender la salud de nuestra madre Tierra nuestra salud nunca va a estar bien. Solo por el aumento de la temperatura habr\u00e1 220 millones de muertes en este siglo\u00bb, declar\u00f3 durante su intervenci\u00f3n en la Jornada 60 a\u00f1os de M\u00e9dicosMundi sobre &#8216;Salud global y cambio clim\u00e1tico&#8217;.<\/p>\n\n\n\n<p>As\u00ed, Garay ha se\u00f1alado que \u00abla salud es un buen term\u00f3metro de c\u00f3mo el cambio clim\u00e1tico est\u00e1 restando vida y matando gente, m\u00e1s que cualquier guerra o enfermedad\u00bb.<\/p>\n\n\n\n<p>En este sentido, ha incidido en que \u00abes necesaria una acci\u00f3n internacional\u00bb para lo que \u00abla gobernanza p\u00fablica tendr\u00eda que ser mucho m\u00e1s ambiciosa\u00bb. \u00abDonde veo la gran esperanza es en la gente, en la conciencia. No conf\u00edo en que la respuesta internacional vaya a ser de la escala y el tiempo que necesitamos. Esto es demasiado serio para dejarlo en manos de los pol\u00edticos. Tenemos que tratar de emitir menos de una tonelada de carbono por persona al a\u00f1o, ahora los europeos emitimos siete tonelada al a\u00f1o\u00bb, afirm\u00f3.<\/p>\n\n\n\n<p>Asimismo, el especialista explic\u00f3 que \u00abel sistema de salud tiene que cambiar hacia una promoci\u00f3n de formas de vida saludables para las personas y para el planeta\u00bb, y, con eso, \u00abse disminuir\u00eda much\u00edsimo el gasto m\u00e9dico y se tendr\u00eda un excedente enorme de ingresos de PIB y de patrimonio\u201d.<\/p>\n\n\n\n<p>EFECTO DEVASTADOR<\/p>\n\n\n\n<p>Por otra parte, la directora del Departamento de Salud P\u00fablica y Medio Ambiente en la Organizaci\u00f3n Mundial de la Salud (OMS), Mar\u00eda Neira, advirti\u00f3 de que \u00abla crisis clim\u00e1tica es una crisis de salud global que tiene un efecto devastador en la salud\u00bb.<\/p>\n\n\n\n<p>\u00abEl cambio clim\u00e1tico est\u00e1 teniendo un efecto muy negativo y devastador en nuestra salud con enfermedades por vectores, enfermedades no transmisibles, las olas de calor, etc. El sistema de salud tiene que reformarse y adaptarse a lo que tenemos encima. Necesitamos que los sistemas sanitarios se adapten a las necesidades del siglo XXI, incluyendo adaptaci\u00f3n al cambio clim\u00e1tico, que sean m\u00e1s resilientes, que se adapten y que sean &#8216;low carbon'\u00bb, detall\u00f3 Neira.<\/p>\n\n\n\n<p>La experta de la OMS tambi\u00e9n ha recalcado que \u00abel planeta est\u00e1 dejando de proveer cosas esenciales para sobrevivir\u00bb como el agua potable o el aire limpio para respirar. Por este motivo, ha incidido en la importancia de \u00abapostar por la transici\u00f3n a las energ\u00edas limpias\u00bb as\u00ed como por \u00abun mejor di\u00e1logo entre los sistemas de salud\u00bb.<\/p>\n\n\n\n<p>Entre las medidas necesarias para abordar los efectos de esta crisis clim\u00e1tica, Mar\u00eda Neira ha destacado el acceso al agua potable, la electricidad limpia para los centros de salud y un sistema de producci\u00f3n de alimentos \u00abmucho m\u00e1s sostenible que evite el 30 por ciento de la destrucci\u00f3n de alimentos\u00bb de manera que \u00ablas desigualdades que est\u00e1 abriendo todav\u00eda m\u00e1s el cambio clim\u00e1tico puedan reducirse\u00bb.<\/p>\n\n\n\n<p>PREDECIR FEN\u00d3MENOS<\/p>\n\n\n\n<p>Entre las claves para intentar atajar los problemas que supone el avance del cambio clim\u00e1tico, el presidente de la Asociaci\u00f3n Meteorol\u00f3gica de Espa\u00f1a y jefe del \u00e1rea de Modelizaci\u00f3n y Evaluaci\u00f3n del Clima de la AEMET, Ernesto Rodr\u00edguez, ha destacado la importancia de \u00abpredecir los fen\u00f3menos extremos con sistemas de alerta temprana que salvan muchas vidas\u00bb.<\/p>\n\n\n\n<p>\u00abTodo lo que tiene que ver con fen\u00f3menos extremos hay que saber predecirlo porque poder avisar a tiempo salva muchas vidas y es algo que debemos desarrollar. Hay que promocionar sistemas de salud p\u00fablica, infraestructuras resilientes a las condiciones clim\u00e1ticas, planificaci\u00f3n urbana sostenible y acceso al agua potable seguro y con sistemas de saneamiento\u00bb, detall\u00f3.<\/p>\n\n\n\n<p>En cuanto al auge de los fen\u00f3menos extremos y su impacto en la salud, Ernesto Rodr\u00edguez ha apuntado que \u00ablas olas de calor m\u00e1s intensas y prolongadas aumentan el riesgo de golpes de calor, deshidrataci\u00f3n y en general enfermedades relacionadas con el calor\u00bb y que \u00ablas inundaciones y las lluvias intensas pueden contaminar el agua potable, aumentando el riesgo de enfermedades transmitidas por el agua, como el c\u00f3lera o las sequ\u00edas m\u00e1s frecuentes\u00bb.<\/p>\n\n\n\n<p>Asimismo, el experto ha destacado que \u00abla evoluci\u00f3n del clima depende de la concentraci\u00f3n de los gases de efecto invernadero, fundamentalmente del CO2\u00bb, pero que \u00abes un efecto acumulativo\u00bb, es decir, \u00abincluso aunque ahora se deje de producir ahora se tienen los gases que ya se han producido\u00bb. Por ello, es esencial llevar a cabo acciones que contribuyan a \u00abaliviar la carga de los gases de efecto invernadero\u00bb.<\/p>\n\n\n\n<p>\u00abLo que pase en el futuro fundamentalmente va a depender de lo que hemos hecho en el pasado y tambi\u00e9n de lo que vayamos haciendo en el futuro\u00bb, advirti\u00f3.<\/p>\n\n\n\n<p>LA DOBLE INJUSTICIA<\/p>\n\n\n\n<p>Por otro lado, los expertos han resaltado que la crisis clim\u00e1tica supone una \u00abdoble injusticia\u00bb social y ambiental, ya que \u00abaquellos que menos contaminan, como los pa\u00edses de \u00c1frica, son los que m\u00e1s van a sufrir las consecuencias\u00bb, destac\u00f3 Juan Garay.<\/p>\n\n\n\n<p>\u00abEl cambio clim\u00e1tico no es un hecho aislado, es algo que ha ocurrido sobre el tel\u00f3n de fondo de la colonizaci\u00f3n. Una colonizaci\u00f3n que ha sido primitiva en el sentido de que foment\u00f3 las relaciones extractivas entre \u00c1frica y el Norte global\u00bb, ha destacado el miembro de Action for Community Development (ACODEV), Danny Gotto.<\/p>\n\n\n\n<p>En este aspecto, Gotto ha puesto de ejemplo el caso de N\u00edger, que suministra cerca de tres cuartas partes del uranio a Francia y \u00absolo tienen un uno por ciento de acceso a la electricidad, pero Par\u00eds est\u00e1 disfrutando de unos recursos que siguen contaminando la atm\u00f3sfera\u00bb.<\/p>\n\n\n\n<p>Danny Gotto tambi\u00e9n ha recalcado que \u00abel cambio clim\u00e1tico ha incrementado el ciclo de las enfermedades\u00bb y que \u00abla mayor\u00eda de estas enfermedades son zoon\u00f3ticas, pero tambi\u00e9n algunas de ellas son transmitidas por vectores\u00bb.<\/p>\n\n\n\n<p>\u00abHan aumentado los cambios de temperatura, ha aumentado la malaria, ha aumentado la psicosis, todo tipo de enfermedades, pero estas son las enfermedades olvidadas. As\u00ed que a medida que el clima se vuelve cada vez m\u00e1s hostil las enfermedades siguen aumentando, pero desde la perspectiva global no estamos viendo un aumento de la inversi\u00f3n\u00bb, ha declarado asegurando que \u00abel cambio clim\u00e1tico se est\u00e1 convirtiendo en otra frontera econ\u00f3mica para que la gente haga dinero aprovech\u00e1ndose de las tecnolog\u00edas que se producen\u00bb.<\/p>\n\n\n\n<p>Tambi\u00e9n puedes leer:&nbsp;\u201cLa vida en el planeta est\u00e1 en peligro\u201d; cient\u00edficos en alerta por cambio clim\u00e1tico sin procedentes<\/p>\n\n\n\n<p>(Informaci\u00f3n de Europa Press en \u201cExc\u00e9lsior\u201d)<\/p>\n","protected":false},"excerpt":{"rendered":"<p>Redacci\u00f3n\/Zona Roja Cdmx. Ciudad de M\u00e9xico, a 28 de octubre de 2023.- El m\u00e9dico internista&hellip;<\/p>\n","protected":false},"author":2,"featured_media":57262,"comment_status":"closed","ping_status":"open","sticky":false,"template":"","format":"standard","meta":{"_lmt_disableupdate":"","_lmt_disable":"","_jetpack_memberships_contains_paid_content":false,"footnotes":""},"categories":[109,47],"tags":[3521],"class_list":["post-61476","post","type-post","status-publish","format-standard","has-post-thumbnail","hentry","category-minuto-a-minuto","category-zona-gris","tag-cambio-climatico"],"jetpack_featured_media_url":"https:\/\/zonaroja.com.mx\/wp-content\/uploads\/2023\/07\/Cambio-climatico-en-el-mundo.jpeg","jetpack_sharing_enabled":true,"_links":{"self":[{"href":"https:\/\/zonaroja.com.mx\/index.php?rest_route=\/wp\/v2\/posts\/61476","targetHints":{"allow":["GET"]}}],"collection":[{"href":"https:\/\/zonaroja.com.mx\/index.php?rest_route=\/wp\/v2\/posts"}],"about":[{"href":"https:\/\/zonaroja.com.mx\/index.php?rest_route=\/wp\/v2\/types\/post"}],"author":[{"embeddable":true,"href":"https:\/\/zonaroja.com.mx\/index.php?rest_route=\/wp\/v2\/users\/2"}],"replies":[{"embeddable":true,"href":"https:\/\/zonaroja.com.mx\/index.php?rest_route=%2Fwp%2Fv2%2Fcomments&post=61476"}],"version-history":[{"count":1,"href":"https:\/\/zonaroja.com.mx\/index.php?rest_route=\/wp\/v2\/posts\/61476\/revisions"}],"predecessor-version":[{"id":61477,"href":"https:\/\/zonaroja.com.mx\/index.php?rest_route=\/wp\/v2\/posts\/61476\/revisions\/61477"}],"wp:featuredmedia":[{"embeddable":true,"href":"https:\/\/zonaroja.com.mx\/index.php?rest_route=\/wp\/v2\/media\/57262"}],"wp:attachment":[{"href":"https:\/\/zonaroja.com.mx\/index.php?rest_route=%2Fwp%2Fv2%2Fmedia&parent=61476"}],"wp:term":[{"taxonomy":"category","embeddable":true,"href":"https:\/\/zonaroja.com.mx\/index.php?rest_route=%2Fwp%2Fv2%2Fcategories&post=61476"},{"taxonomy":"post_tag","embeddable":true,"href":"https:\/\/zonaroja.com.mx\/index.php?rest_route=%2Fwp%2Fv2%2Ftags&post=61476"}],"curies":[{"name":"wp","href":"https:\/\/api.w.org\/{rel}","templated":true}]}}