{"id":61480,"date":"2023-10-28T12:33:37","date_gmt":"2023-10-28T17:33:37","guid":{"rendered":"http:\/\/www.zonaroja.com.mx\/?p=61480"},"modified":"2023-10-28T12:34:42","modified_gmt":"2023-10-28T17:34:42","slug":"malas-practicas-del-pasado-minaron-confianza-de-la-sociedad-karina-baron","status":"publish","type":"post","link":"https:\/\/zonaroja.com.mx\/?p=61480","title":{"rendered":"Malas pr\u00e1cticas del pasado minaron confianza de la sociedad: Karina Bar\u00f3n"},"content":{"rendered":"\n<p>Ismael Garc\u00eda M.\/Zona Roja.<\/p>\n\n\n\n<p>Oaxaca de Ju\u00e1rez, Oax., a 28 de octubre de 2023.- En el inicio del Programa de Formaci\u00f3n Continua para la Paz, que impulsa la Fiscal\u00eda General del Estado, la titular del Secretariado Ejecutivo del Sistema Estatal de Seguridad P\u00fablica (SESESP), Karina Barr\u00f3n Ortiz, consider\u00f3 que las malas pr\u00e1cticas del pasado han generado una crisis de desconfianza entre la ciudadan\u00eda y las instituciones.<\/p>\n\n\n\n<p>Por ello, es indispensable reconocer esa situaci\u00f3n, pero adem\u00e1s saber revertirla, a trav\u00e9s de la profesionaliaci\u00f3n de las personas que laboran en las \u00e1reas de seguridad y procuraci\u00f3n de justicia, dijo.&nbsp;<\/p>\n\n\n\n<p>Ante el fiscal Bernardo Rodr\u00edguez Alamilla, expuso que el reto m\u00e1s grande es recuperar la confianza ciudadana:<\/p>\n\n\n\n<p>\u201cY no lo vamos a poder lograr si no lo reconocemos. El fin es brindar una mejor atenci\u00f3n a quienes acuden a las instituciones, que por lo general buscan adem\u00e1s de atenci\u00f3n, una esperanza\u201d.&nbsp;<\/p>\n\n\n\n<p>Reforz\u00f3 que de lo que se trata es tambi\u00e9n de comprender nuevos paradigmas para desarrollar un servicio p\u00fablico m\u00e1s humano, m\u00e1s sensible, m\u00e1s emp\u00e1tico.&nbsp;<\/p>\n\n\n\n<p>En seguida anunci\u00f3 que a trav\u00e9s de la SESESP se revisan los alcances presupuestales para reforzar el equipamiento de la Fiscal\u00eda General del Estado, al tiempo de reconocer la labor de Rodr\u00edguez Alamilla. <\/p>\n\n\n\n<p>\u201cAl fiscal le reconozco su compromiso con el fortalecimiento de la instituci\u00f3n. En estos meses que llevamos trabajando de manera coordinada, vemos otra Fiscal\u00eda, la palpamos, la sentimos en las regiones.<\/p>\n\n\n\n<p>\u201cNos da much\u00edsimo gusto cuando vemos a los vicefiscales encabezando mesas de atenci\u00f3n ciudadana en las regiones, eso cu\u00e1ndo lo \u00edbamos a ver, atendiendo de manera personal a los ciudadanos, era imposible en otros tiempos, pero hoy s\u00ed puedo confirmar que la Fiscal\u00eda est\u00e1 cambiando\u201d.<\/p>\n\n\n\n<p>Hizo asimismo un reconocimiento al personal de la Fiscal\u00eda, a mujeres y hombres valiosos, \u201cque todos los d\u00edas salen a trabajar con las herramientas que tenemos\u201d.<\/p>\n\n\n\n<p>\u201cCuando recibimos la dependencia, fue en condiciones cr\u00edticas, ya se est\u00e1 trabajando, vamos trabajando en el fortalecimiento del Secretariado Ejecutivo y vamos a avanzar en el fortalecimiento de la Fiscal\u00eda, ya estamos trabajando esta semana para coordinarnos con ustedes, encabezados por el fiscal, de c\u00f3mo desde la SESESP apoyarles en sus prioridades\u201d anunci\u00f3. <\/p>\n\n\n\n<p><br \/><br class=\"Apple-interchange-newline\" \/><\/p>\n","protected":false},"excerpt":{"rendered":"<p>Ismael Garc\u00eda M.\/Zona Roja. Oaxaca de Ju\u00e1rez, Oax., a 28 de octubre de 2023.- En&hellip;<\/p>\n","protected":false},"author":2,"featured_media":61479,"comment_status":"closed","ping_status":"open","sticky":false,"template":"","format":"standard","meta":{"_lmt_disableupdate":"","_lmt_disable":"","_jetpack_memberships_contains_paid_content":false,"footnotes":""},"categories":[109,46],"tags":[],"class_list":["post-61480","post","type-post","status-publish","format-standard","has-post-thumbnail","hentry","category-minuto-a-minuto","category-zona-blanca"],"jetpack_featured_media_url":"https:\/\/zonaroja.com.mx\/wp-content\/uploads\/2023\/10\/Karina-Baron-SESEO-Fiscalia.jpg","jetpack_sharing_enabled":true,"_links":{"self":[{"href":"https:\/\/zonaroja.com.mx\/index.php?rest_route=\/wp\/v2\/posts\/61480","targetHints":{"allow":["GET"]}}],"collection":[{"href":"https:\/\/zonaroja.com.mx\/index.php?rest_route=\/wp\/v2\/posts"}],"about":[{"href":"https:\/\/zonaroja.com.mx\/index.php?rest_route=\/wp\/v2\/types\/post"}],"author":[{"embeddable":true,"href":"https:\/\/zonaroja.com.mx\/index.php?rest_route=\/wp\/v2\/users\/2"}],"replies":[{"embeddable":true,"href":"https:\/\/zonaroja.com.mx\/index.php?rest_route=%2Fwp%2Fv2%2Fcomments&post=61480"}],"version-history":[{"count":1,"href":"https:\/\/zonaroja.com.mx\/index.php?rest_route=\/wp\/v2\/posts\/61480\/revisions"}],"predecessor-version":[{"id":61481,"href":"https:\/\/zonaroja.com.mx\/index.php?rest_route=\/wp\/v2\/posts\/61480\/revisions\/61481"}],"wp:featuredmedia":[{"embeddable":true,"href":"https:\/\/zonaroja.com.mx\/index.php?rest_route=\/wp\/v2\/media\/61479"}],"wp:attachment":[{"href":"https:\/\/zonaroja.com.mx\/index.php?rest_route=%2Fwp%2Fv2%2Fmedia&parent=61480"}],"wp:term":[{"taxonomy":"category","embeddable":true,"href":"https:\/\/zonaroja.com.mx\/index.php?rest_route=%2Fwp%2Fv2%2Fcategories&post=61480"},{"taxonomy":"post_tag","embeddable":true,"href":"https:\/\/zonaroja.com.mx\/index.php?rest_route=%2Fwp%2Fv2%2Ftags&post=61480"}],"curies":[{"name":"wp","href":"https:\/\/api.w.org\/{rel}","templated":true}]}}