{"id":61482,"date":"2023-10-28T19:20:29","date_gmt":"2023-10-29T00:20:29","guid":{"rendered":"http:\/\/www.zonaroja.com.mx\/?p=61482"},"modified":"2023-10-28T19:23:15","modified_gmt":"2023-10-29T00:23:15","slug":"violencia-en-la-zona-triqui-de-oaxaca-deja-un-muerto-y-un-herido","status":"publish","type":"post","link":"https:\/\/zonaroja.com.mx\/?p=61482","title":{"rendered":"Violencia en la zona Triqui de Oaxaca deja un muerto y un herido"},"content":{"rendered":"\n<p>Ismael Garc\u00eda M.\/Zona Roja.<\/p>\n\n\n\n<p>Oaxaca de Ju\u00e1rez, Oax., a 28 de octubre de 2023.- La violencia en la zona Triqui del estado de Oaxaca dej\u00f3 una persona asesinada por disparos de arma de fuego y otra m\u00e1s lesionada de gravedad.<\/p>\n\n\n\n<p>La agresi\u00f3n ocurri\u00f3 ayer por la tarde en un camino de tercer\u00eda que comunica a Cumbre San Marcos con La Uni\u00f3n Los \u00c1ngeles, municipio de Santiago Juxtlahuaca.<\/p>\n\n\n\n<p>Presuntamente los ocupantes de una camioneta marca Nissan, tipo Estaqitas, con placas de circulaci\u00f3n GY-4779G, del estado de Guerrero, fueron emboscados por sujetos desconocidos.<\/p>\n\n\n\n<p>La v\u00edctima fatal fue identificada como Paulo H. L., de 56 a\u00f1os de edad, y el herido como Raymundo J. H., de 19 a\u00f1os; hasta el momento ninguna organizaci\u00f3n social se ha atribuido la militancia de los agredidos.<\/p>\n\n\n\n<p>Persona la Polic\u00eda Estatal de Oaxaca arrib\u00f3 para resguardar la escena, en tanto que la Fiscal\u00eda General del Estado de Oaxaca inici\u00f3 las indagatorias correspondientes.<\/p>\n\n\n\n<p>Hasta el momento se desconoce el m\u00f3vil del ataque armado, al igual que la identidad o filiaci\u00f3n de los agresores.<\/p>\n","protected":false},"excerpt":{"rendered":"<p>Ismael Garc\u00eda M.\/Zona Roja. Oaxaca de Ju\u00e1rez, Oax., a 28 de octubre de 2023.- La&hellip;<\/p>\n","protected":false},"author":2,"featured_media":55667,"comment_status":"closed","ping_status":"open","sticky":false,"template":"","format":"standard","meta":{"_lmt_disableupdate":"","_lmt_disable":"","_jetpack_memberships_contains_paid_content":false,"footnotes":""},"categories":[109,51],"tags":[826],"class_list":["post-61482","post","type-post","status-publish","format-standard","has-post-thumbnail","hentry","category-minuto-a-minuto","category-zona-roja","tag-santiago-juxtlahuaca"],"jetpack_featured_media_url":"https:\/\/zonaroja.com.mx\/wp-content\/uploads\/2023\/05\/Escena-del-crimen-violencia.jpg","jetpack_sharing_enabled":true,"_links":{"self":[{"href":"https:\/\/zonaroja.com.mx\/index.php?rest_route=\/wp\/v2\/posts\/61482","targetHints":{"allow":["GET"]}}],"collection":[{"href":"https:\/\/zonaroja.com.mx\/index.php?rest_route=\/wp\/v2\/posts"}],"about":[{"href":"https:\/\/zonaroja.com.mx\/index.php?rest_route=\/wp\/v2\/types\/post"}],"author":[{"embeddable":true,"href":"https:\/\/zonaroja.com.mx\/index.php?rest_route=\/wp\/v2\/users\/2"}],"replies":[{"embeddable":true,"href":"https:\/\/zonaroja.com.mx\/index.php?rest_route=%2Fwp%2Fv2%2Fcomments&post=61482"}],"version-history":[{"count":1,"href":"https:\/\/zonaroja.com.mx\/index.php?rest_route=\/wp\/v2\/posts\/61482\/revisions"}],"predecessor-version":[{"id":61483,"href":"https:\/\/zonaroja.com.mx\/index.php?rest_route=\/wp\/v2\/posts\/61482\/revisions\/61483"}],"wp:featuredmedia":[{"embeddable":true,"href":"https:\/\/zonaroja.com.mx\/index.php?rest_route=\/wp\/v2\/media\/55667"}],"wp:attachment":[{"href":"https:\/\/zonaroja.com.mx\/index.php?rest_route=%2Fwp%2Fv2%2Fmedia&parent=61482"}],"wp:term":[{"taxonomy":"category","embeddable":true,"href":"https:\/\/zonaroja.com.mx\/index.php?rest_route=%2Fwp%2Fv2%2Fcategories&post=61482"},{"taxonomy":"post_tag","embeddable":true,"href":"https:\/\/zonaroja.com.mx\/index.php?rest_route=%2Fwp%2Fv2%2Ftags&post=61482"}],"curies":[{"name":"wp","href":"https:\/\/api.w.org\/{rel}","templated":true}]}}