{"id":61484,"date":"2023-10-28T19:56:09","date_gmt":"2023-10-29T00:56:09","guid":{"rendered":"http:\/\/www.zonaroja.com.mx\/?p=61484"},"modified":"2023-10-28T19:56:13","modified_gmt":"2023-10-29T00:56:13","slug":"se-eleva-a-39-el-numero-de-fallecidos-por-el-paso-del-huracan-en-acapulco","status":"publish","type":"post","link":"https:\/\/zonaroja.com.mx\/?p=61484","title":{"rendered":"Se eleva a 39 el n\u00famero de fallecidos por el paso del hurac\u00e1n en Acapulco"},"content":{"rendered":"\n<p>Redacci\u00f3n\/Zona Roja.<\/p>\n\n\n\n<p>Oaxaca de Ju\u00e1rez, Oax., a 28 de octubre de 2023.- La cifra de muertos por el paso del hurac\u00e1n \u00abOtis\u00bb en Acapulco se elev\u00f3 a 39 personas, 29 hombres y 10 mujeres, inform\u00f3 Rosa Icela Rodr\u00edguez, secretaria de Seguridad y Protecci\u00f3n Ciudadana (SSPC).<\/p>\n\n\n\n<p>El dato lo dio a conocer durante una llamada telef\u00f3nica con el presidente Andr\u00e9s Manuel L\u00f3pez Obrador, la cual comparti\u00f3 a trav\u00e9s de sus redes sociales.<\/p>\n\n\n\n<p>La Fiscal\u00eda de Guerrero estableci\u00f3 como probable causa de los fallecimientos la asfixia por sumersi\u00f3n, aunque contin\u00faan las investigaciones.<\/p>\n\n\n\n<p>Rosa Icela Rodr\u00edguez a\u00f1adi\u00f3 que hay 10 reportes de personas desaparecidas, quienes no han sido localizadas por sus familiares.<\/p>\n\n\n\n<p>La secretaria de Seguridad inform\u00f3 que trabaja junto con la gobernadora de Guerrero, Evelyn Salgado; la secretaria de Gobernaci\u00f3n, Luis Mar\u00eda Alcalde; la coordinadora de Protecci\u00f3n Civil, Laura Vel\u00e1zquez; el director del Instituto Mexicano del Seguro Social (IMSS), Zo\u00e9 Robledo; la secretaria de Bienestar, Ariadna Montiel, y otros miembros del gabinete.<\/p>\n\n\n\n<p>Rosa Icela Rodr\u00edguez dio a conocer que suman mil servidores de la naci\u00f3n quienes llegaron al puerto para realizar el censo casa por casa y el recuento de los da\u00f1os.<\/p>\n\n\n\n<p>El secretario de la Defensa Nacional, Luis Cresencio Sandoval, inform\u00f3 que se han distribuido 8 mil 170 despensas a los damnificados y 6 mil 80 litros de agua en las colonias m\u00e1s afectadas.<\/p>\n\n\n\n<p>La Secretar\u00eda de Marina est\u00e1 encargada de distribuir comida caliente a los ciudadanos en las colonias El Renacimiento y Zapata.<\/p>\n\n\n\n<p>CONTRA RAPI\u00d1A<\/p>\n\n\n\n<p>Sobre los casos de rapi\u00f1a, la Secretar\u00eda de la Defensa Nacional (Sedena) anunci\u00f3 una estrategia para evitar los robos.<\/p>\n\n\n\n<p>Se desplegar\u00e1n 14 mil 700 efectivos y este s\u00e1bado se incorporan mil elementos de la Guardia Nacional y 300 de la Marina para ofrecer seguridad a la poblaci\u00f3n.<\/p>\n\n\n\n<p>El secretario de Marina, Rafael Ojeda, inform\u00f3 que el Aeropuerto Internacional de Acapulco contin\u00faa operando de forma normal y la comunicaci\u00f3n es directa con la CDMX.<\/p>\n\n\n\n<p>La seguridad del aeropuerto est\u00e1 bajo control de la Secretar\u00eda de Marina (Semar), el viernes llegaron 9 vuelos de tres aerol\u00edneas y 6 vuelos de Semar.<\/p>\n\n\n\n<p>Para este s\u00e1bado se espera la llegada de tres vuelos de la Semar que funcionar\u00e1n como ambulancia a\u00e9rea para apoyar al sector salud.<\/p>\n\n\n\n<p>(Informaci\u00f3n de \u201cEl Financiero\u201d)<\/p>\n","protected":false},"excerpt":{"rendered":"<p>Redacci\u00f3n\/Zona Roja. Oaxaca de Ju\u00e1rez, Oax., a 28 de octubre de 2023.- La cifra de&hellip;<\/p>\n","protected":false},"author":2,"featured_media":61461,"comment_status":"closed","ping_status":"open","sticky":false,"template":"","format":"standard","meta":{"_lmt_disableupdate":"","_lmt_disable":"","_jetpack_memberships_contains_paid_content":false,"footnotes":""},"categories":[109,47],"tags":[3713],"class_list":["post-61484","post","type-post","status-publish","format-standard","has-post-thumbnail","hentry","category-minuto-a-minuto","category-zona-gris","tag-huracan-otis"],"jetpack_featured_media_url":"https:\/\/zonaroja.com.mx\/wp-content\/uploads\/2023\/10\/Muerto-Acapulco-Otis-Guerrero.jpeg","jetpack_sharing_enabled":true,"_links":{"self":[{"href":"https:\/\/zonaroja.com.mx\/index.php?rest_route=\/wp\/v2\/posts\/61484","targetHints":{"allow":["GET"]}}],"collection":[{"href":"https:\/\/zonaroja.com.mx\/index.php?rest_route=\/wp\/v2\/posts"}],"about":[{"href":"https:\/\/zonaroja.com.mx\/index.php?rest_route=\/wp\/v2\/types\/post"}],"author":[{"embeddable":true,"href":"https:\/\/zonaroja.com.mx\/index.php?rest_route=\/wp\/v2\/users\/2"}],"replies":[{"embeddable":true,"href":"https:\/\/zonaroja.com.mx\/index.php?rest_route=%2Fwp%2Fv2%2Fcomments&post=61484"}],"version-history":[{"count":1,"href":"https:\/\/zonaroja.com.mx\/index.php?rest_route=\/wp\/v2\/posts\/61484\/revisions"}],"predecessor-version":[{"id":61485,"href":"https:\/\/zonaroja.com.mx\/index.php?rest_route=\/wp\/v2\/posts\/61484\/revisions\/61485"}],"wp:featuredmedia":[{"embeddable":true,"href":"https:\/\/zonaroja.com.mx\/index.php?rest_route=\/wp\/v2\/media\/61461"}],"wp:attachment":[{"href":"https:\/\/zonaroja.com.mx\/index.php?rest_route=%2Fwp%2Fv2%2Fmedia&parent=61484"}],"wp:term":[{"taxonomy":"category","embeddable":true,"href":"https:\/\/zonaroja.com.mx\/index.php?rest_route=%2Fwp%2Fv2%2Fcategories&post=61484"},{"taxonomy":"post_tag","embeddable":true,"href":"https:\/\/zonaroja.com.mx\/index.php?rest_route=%2Fwp%2Fv2%2Ftags&post=61484"}],"curies":[{"name":"wp","href":"https:\/\/api.w.org\/{rel}","templated":true}]}}