{"id":61486,"date":"2023-10-29T06:55:16","date_gmt":"2023-10-29T12:55:16","guid":{"rendered":"http:\/\/www.zonaroja.com.mx\/?p=61486"},"modified":"2023-10-29T06:55:19","modified_gmt":"2023-10-29T12:55:19","slug":"tarde-pero-empieza-a-fluir-la-ayuda-humanitaria-a-guerrero","status":"publish","type":"post","link":"https:\/\/zonaroja.com.mx\/?p=61486","title":{"rendered":"Tarde pero empieza a fluir la ayuda humanitaria a Guerrero"},"content":{"rendered":"\n<p>Redacci\u00f3n\/Zona Roja Cdmx.<\/p>\n\n\n\n<p>Ciudad de M\u00e9xico, a 29 de octubre de 2023.- La ayuda a los afectados por el hurac\u00e1n \u201cOtis\u201d empez\u00f3 a llegar y a distribuirse.&nbsp;<\/p>\n\n\n\n<p>Soldados, marinos y guardias nacionales trabajan d\u00eda y noche en coordinaci\u00f3n con civiles que laboran en instancias gubernamentales para armar despensas, subir a los camiones el agua embolsada o en envases de pl\u00e1stico y un poco de comida que es repartida.<\/p>\n\n\n\n<p>En colonias como El Coloso, Crucero de Puerto Marqu\u00e9s y Renacimiento, los grupos parten de los centros de acopio y trasladan los v\u00edveres.<\/p>\n\n\n\n<p>En Acapulco \u2013no el de la zona tur\u00edstica\u2013, los pobladores siguen buscando agua y comida. Cientos incluso salen de las bodegas de una refresquera, que tambi\u00e9n embotella agua, con garrafones o paquetes. Mientras algunos de sus familiares sacan lo que pueden de las instalaciones o los bajan de los camiones de carga, otros cuidan sus \u201ctesoros\u201d.<\/p>\n\n\n\n<p>Los camiones donde las fuerzas armadas trasladan v\u00edveres y agua avanzan con dos unidades de custodia hasta sus sitios de destino.<\/p>\n\n\n\n<p>Se posicionan en alg\u00fan punto de convergencia social, un kiosco o una calle principal, y apenas vocean que ha llegado ayuda la gente sale de manera r\u00e1pida. Personas de todas edades se forman y con carretillas o en sus brazos, cargan el agua potable que ha sido embolsada o en paquetes de seis botellas de medio litro.&nbsp;<\/p>\n\n\n\n<p>Tambi\u00e9n reciben una bolsa con galletas, at\u00fan, sardina y otros alimentos, que servir\u00e1n para paliar la necesidad. Uno de los centros de acopio y distribuci\u00f3n se localiza en el Forum Mundo Imperial.&nbsp;<\/p>\n\n\n\n<p>Ah\u00ed, decenas de funcionarios, militares y guardias nacionales, arman las despensas, acomodan colchonetas que ser\u00e1n entregadas en comunidades m\u00e1s necesitadas, las que perdieron todo y no tienen un techo ni un colch\u00f3n para no dormir en el suelo.<\/p>\n\n\n\n<p>Asimismo, hay costales de naranjas que se repartir\u00e1n en bolsas con alimentos o con los envases de agua.<\/p>\n\n\n\n<p>El trabajo en estos centros no para, est\u00e1n laborando las 24 horas, y aunque el \u00faltimo despacho puede entregarse a las 3 de la ma\u00f1ana, los militares seguir\u00e1n armando las despensas y subi\u00e9ndolas a los camiones para comenzar a primera hora.<\/p>\n\n\n\n<p>Las filas empiezan antes de las 4 de la ma\u00f1ana en gasolineras, en los centros de distribuci\u00f3n de agua y en las bodegas de los principales comercializadores de productos como galletas, chiles y botanas.<\/p>\n\n\n\n<p>En las instalaciones de empresas y de instituciones de salud ubicadas en la colonia Renovaci\u00f3n, la fila de las personas que esperaban recibir un paquete de 12 litros de agua por cada una alcanz\u00f3 m\u00e1s de un kil\u00f3metro de largo. La espera puede tardar horas, pero uniformados controlaban el reparto y el tr\u00e1nsito.<\/p>\n\n\n\n<p>(Informaci\u00f3n de \u201cLa Jornada\u201d)<\/p>\n","protected":false},"excerpt":{"rendered":"<p>Redacci\u00f3n\/Zona Roja Cdmx. Ciudad de M\u00e9xico, a 29 de octubre de 2023.- La ayuda a&hellip;<\/p>\n","protected":false},"author":2,"featured_media":61460,"comment_status":"closed","ping_status":"open","sticky":false,"template":"","format":"standard","meta":{"_lmt_disableupdate":"","_lmt_disable":"","_jetpack_memberships_contains_paid_content":false,"footnotes":""},"categories":[109,47],"tags":[3713],"class_list":["post-61486","post","type-post","status-publish","format-standard","has-post-thumbnail","hentry","category-minuto-a-minuto","category-zona-gris","tag-huracan-otis"],"jetpack_featured_media_url":"https:\/\/zonaroja.com.mx\/wp-content\/uploads\/2023\/10\/Desastre-Otis-Acapulco-Guerrero.jpeg","jetpack_sharing_enabled":true,"_links":{"self":[{"href":"https:\/\/zonaroja.com.mx\/index.php?rest_route=\/wp\/v2\/posts\/61486","targetHints":{"allow":["GET"]}}],"collection":[{"href":"https:\/\/zonaroja.com.mx\/index.php?rest_route=\/wp\/v2\/posts"}],"about":[{"href":"https:\/\/zonaroja.com.mx\/index.php?rest_route=\/wp\/v2\/types\/post"}],"author":[{"embeddable":true,"href":"https:\/\/zonaroja.com.mx\/index.php?rest_route=\/wp\/v2\/users\/2"}],"replies":[{"embeddable":true,"href":"https:\/\/zonaroja.com.mx\/index.php?rest_route=%2Fwp%2Fv2%2Fcomments&post=61486"}],"version-history":[{"count":1,"href":"https:\/\/zonaroja.com.mx\/index.php?rest_route=\/wp\/v2\/posts\/61486\/revisions"}],"predecessor-version":[{"id":61487,"href":"https:\/\/zonaroja.com.mx\/index.php?rest_route=\/wp\/v2\/posts\/61486\/revisions\/61487"}],"wp:featuredmedia":[{"embeddable":true,"href":"https:\/\/zonaroja.com.mx\/index.php?rest_route=\/wp\/v2\/media\/61460"}],"wp:attachment":[{"href":"https:\/\/zonaroja.com.mx\/index.php?rest_route=%2Fwp%2Fv2%2Fmedia&parent=61486"}],"wp:term":[{"taxonomy":"category","embeddable":true,"href":"https:\/\/zonaroja.com.mx\/index.php?rest_route=%2Fwp%2Fv2%2Fcategories&post=61486"},{"taxonomy":"post_tag","embeddable":true,"href":"https:\/\/zonaroja.com.mx\/index.php?rest_route=%2Fwp%2Fv2%2Ftags&post=61486"}],"curies":[{"name":"wp","href":"https:\/\/api.w.org\/{rel}","templated":true}]}}