{"id":61492,"date":"2023-10-29T12:00:00","date_gmt":"2023-10-29T18:00:00","guid":{"rendered":"http:\/\/www.zonaroja.com.mx\/?p=61492"},"modified":"2023-10-29T07:17:23","modified_gmt":"2023-10-29T13:17:23","slug":"por-decreto-presidencial-protege-el-inpi-sitios-sagrados-de-indigenas","status":"publish","type":"post","link":"https:\/\/zonaroja.com.mx\/?p=61492","title":{"rendered":"Por decreto presidencial, protege el INPI sitios sagrados de ind\u00edgenas"},"content":{"rendered":"\n<p>Redacci\u00f3n\/Zona Roja Cdmx.<\/p>\n\n\n\n<p>Ciudad de M\u00e9xico, a 29 de octubre de 2023.- En cumplimiento al Decreto Presidencial de Lugares Sagrados y Rutas de Peregrinaci\u00f3n de los Pueblos Wix\u00e1rika, N\u00e1ayeri, O\u00b4dam o Au\u00b4dam y Mexikan, dependencias del Gobierno de M\u00e9xico en conjunto con autoridades tradicionales realizan el trabajo de delimitaci\u00f3n de mojoneras en Teekata, jurisdicci\u00f3n comunal de Santa Catarina Cuexcomatitl\u00e1n, municipio de Mezquitic, Jalisco.<\/p>\n\n\n\n<p>En representaci\u00f3n del director general del Instituto Nacional de los Pueblos Ind\u00edgenas (INPI), Adelfo Regino Montes, tambi\u00e9n secretario t\u00e9cnico de la comisi\u00f3n presidencial de lugares sagrados y rutas de peregrinaci\u00f3n, el coordinador general de Patrimonio Cultural y Educaci\u00f3n Ind\u00edgena, Gustavo Torres Cisneros, precis\u00f3 que se est\u00e1n colocando mojoneras y placas para el resguardo de estos lugares sagrados.<\/p>\n\n\n\n<p>Para tal motivo, dijo, se inici\u00f3 un recorrido en T\u00e9ekata, Santa Catarina Cuexcomatitl\u00e1n, Jalisco y ahora se trabaja en Hauxa Manaka, Cerro Gordo, Durango, donde las autoridades tradicionales siguen depositando sus ofrendas y realizando sus rituales sagrados.<\/p>\n\n\n\n<p>Refiri\u00f3 que las placas y mojoneras est\u00e1n dirigidas al Lugar Sagrado de Wirikuta, el ojo de Dios. \u201cEstamos cumpliendo con lo establecido en el decreto y vamos a hacer los mismo en los cinco lugares sagrados\u201d, explic\u00f3 Gustavo Torres.<\/p>\n\n\n\n<p>Desde el a\u00f1o pasado se visitaron tambi\u00e9n los lugares sagrados de Tatei Haramara, Isla del Rey, San Blas, Nayarit y Xapawiyemeta, en el lago de Chapala, Jalisco, as\u00ed como Wirikuta, Real de Catorce, San Luis Potos\u00ed.<\/p>\n\n\n\n<p>ASUMIR TRADICIONES<\/p>\n\n\n\n<p>En tanto la comisionada para el Di\u00e1logo con los Pueblos Ind\u00edgenas de M\u00e9xico de la Secretar\u00eda de Gobernaci\u00f3n (Segob), Josefina Bravo Rangel, presidenta suplente de la comisi\u00f3n de lugares sagrados y rutas de peregrinaci\u00f3n, en representaci\u00f3n de la Secretaria de Gobernaci\u00f3n, Luisa Mar\u00eda Alcalde Luj\u00e1n, inform\u00f3 que ante la asamblea de Santa Catarina Cuexcomatitl\u00e1n se inform\u00f3 el motivo del decreto de lugares sagrados firmado por el presidente Andr\u00e9s Manuel L\u00f3pez Obrador el 9 de agosto en el marco del D\u00eda Internacional de los Pueblos Ind\u00edgenas.<\/p>\n\n\n\n<p>Refiri\u00f3 que en cada mojonera se est\u00e1n colocando placas alusivas a los lugares sagrados en lenguas con el s\u00edmbolo del h\u00edkuri (peyote) que es su planta sagrada.<\/p>\n\n\n\n<p>La presidenta del Consejo Nacional Para Prevenir la Discriminaci\u00f3n (Conapred), Claudia Reza Morales, mencion\u00f3 que adem\u00e1s de cumplir con los protocolos legales, estos recorridos tienen la finalidad de asumir las tradiciones espirituales de los pueblos.<\/p>\n\n\n\n<p>\u00abHa sido maravilloso poder ver a los pueblos unidos en una sola oraci\u00f3n, sin que el hecho de que hablemos diferentes lenguas sea una limitante; la uni\u00f3n de los pueblos nos permite tener grandes logros, a trav\u00e9s de los planes de justicia\u00bb, expres\u00f3.<\/p>\n\n\n\n<p>A su vez el jicarero (guardi\u00e1n) del centro ceremonial, Claudio Montellano de La Cruz, manifest\u00f3 que las comunidades est\u00e1n protegiendo sus culturas y tradiciones de la mano del gobierno del presidente Andr\u00e9s Manuel L\u00f3pez Obrador.<\/p>\n\n\n\n<p>\u00abHa sido un proceso muy largo de trabajo para la salvaguarda y obtener el reconocimiento de nuestros lugares sagrados, esto se ha logrado gracias a al plan de justicia de los pueblos ind\u00edgenas\u00bb, remarc\u00f3.<\/p>\n","protected":false},"excerpt":{"rendered":"<p>Redacci\u00f3n\/Zona Roja Cdmx. Ciudad de M\u00e9xico, a 29 de octubre de 2023.- En cumplimiento al&hellip;<\/p>\n","protected":false},"author":2,"featured_media":61493,"comment_status":"closed","ping_status":"open","sticky":false,"template":"","format":"standard","meta":{"_lmt_disableupdate":"","_lmt_disable":"","_jetpack_memberships_contains_paid_content":false,"footnotes":""},"categories":[109,46],"tags":[3683],"class_list":["post-61492","post","type-post","status-publish","format-standard","has-post-thumbnail","hentry","category-minuto-a-minuto","category-zona-blanca","tag-instituto-nacional-de-pueblos-indigenas-inpi"],"jetpack_featured_media_url":"https:\/\/zonaroja.com.mx\/wp-content\/uploads\/2023\/10\/INPI-lugares-tradicionales.jpg","jetpack_sharing_enabled":true,"_links":{"self":[{"href":"https:\/\/zonaroja.com.mx\/index.php?rest_route=\/wp\/v2\/posts\/61492","targetHints":{"allow":["GET"]}}],"collection":[{"href":"https:\/\/zonaroja.com.mx\/index.php?rest_route=\/wp\/v2\/posts"}],"about":[{"href":"https:\/\/zonaroja.com.mx\/index.php?rest_route=\/wp\/v2\/types\/post"}],"author":[{"embeddable":true,"href":"https:\/\/zonaroja.com.mx\/index.php?rest_route=\/wp\/v2\/users\/2"}],"replies":[{"embeddable":true,"href":"https:\/\/zonaroja.com.mx\/index.php?rest_route=%2Fwp%2Fv2%2Fcomments&post=61492"}],"version-history":[{"count":1,"href":"https:\/\/zonaroja.com.mx\/index.php?rest_route=\/wp\/v2\/posts\/61492\/revisions"}],"predecessor-version":[{"id":61494,"href":"https:\/\/zonaroja.com.mx\/index.php?rest_route=\/wp\/v2\/posts\/61492\/revisions\/61494"}],"wp:featuredmedia":[{"embeddable":true,"href":"https:\/\/zonaroja.com.mx\/index.php?rest_route=\/wp\/v2\/media\/61493"}],"wp:attachment":[{"href":"https:\/\/zonaroja.com.mx\/index.php?rest_route=%2Fwp%2Fv2%2Fmedia&parent=61492"}],"wp:term":[{"taxonomy":"category","embeddable":true,"href":"https:\/\/zonaroja.com.mx\/index.php?rest_route=%2Fwp%2Fv2%2Fcategories&post=61492"},{"taxonomy":"post_tag","embeddable":true,"href":"https:\/\/zonaroja.com.mx\/index.php?rest_route=%2Fwp%2Fv2%2Ftags&post=61492"}],"curies":[{"name":"wp","href":"https:\/\/api.w.org\/{rel}","templated":true}]}}