{"id":61495,"date":"2023-10-29T13:00:00","date_gmt":"2023-10-29T19:00:00","guid":{"rendered":"http:\/\/www.zonaroja.com.mx\/?p=61495"},"modified":"2023-10-29T08:08:44","modified_gmt":"2023-10-29T14:08:44","slug":"mi-captura-en-eu-fue-para-afectar-y-agredir-al-estado-mexicano-cienfuegos","status":"publish","type":"post","link":"https:\/\/zonaroja.com.mx\/?p=61495","title":{"rendered":"\u201cMi captura en EU fue para afectar y agredir al Estado mexicano\u201d: Cienfuegos"},"content":{"rendered":"\n<p>Redacci\u00f3n\/Zona Roja Cdmx.<\/p>\n\n\n\n<p>Ciudad de M\u00e9xico, a 29 de octubre de 2023.- Salvador Cienfuegos Zepeda, secretario de la Defensa en el sexenio de Enrique Pe\u00f1a Nieto, asegur\u00f3 que su detenci\u00f3n no fue para afectarlo a \u00e9l, sino para agredir y perjudicar al Estado mexicano.<\/p>\n\n\n\n<p>\u201cMi detenci\u00f3n form\u00f3 parte de un plan para perjudicar a M\u00e9xico. No afectaron al exsecretario. Afectaron a las Fuerzas Armadas, las ofendieron. Agredieron al Estado mexicano\u201d, dijo el exsecretario de la Defensa durante una entrevista con Jorge Fern\u00e1ndez Men\u00e9ndez para Adn 40.<\/p>\n\n\n\n<p>Cienfuegos fue detenido en octubre de 2020 por autoridades de Estados Unidos por presuntos nexos con el crimen organizado. Unas semanas despu\u00e9s, se le envi\u00f3 a M\u00e9xico, donde fue exonerado.<\/p>\n\n\n\n<p>En la entrevista publicada esta noche de s\u00e1bado, unos d\u00edas despu\u00e9s de que el general volviera a la pol\u00e9mica por ser condecorado, Cienfuegos narr\u00f3 a detalle su captura en un aeropuerto estadounidense, los d\u00edas que pas\u00f3 recluido y el viaje de vuelta a M\u00e9xico.<\/p>\n\n\n\n<p>\u201cFue una injusticia lo que hicieron conmigo. Afectaron a mi familia. A m\u00ed me afectaron directamente. No nada m\u00e1s a m\u00ed, le pegaron a las Fuerzas Armadas\u201d, se\u00f1al\u00f3 el exsecretario.<\/p>\n\n\n\n<p>Cienfuegos record\u00f3 que autoridades de Estados Unidos lo relacionaron con un grupo criminal local de Nayarit por los mensajes de texto que se enviaron dos presuntos delincuentes, donde se hablaba de un tal \u201cPadrino\u201d y \u201cEl Zepeda\u201d.<\/p>\n\n\n\n<p>\u201cHice muy buenas relaciones con autoridades americanas (en mi \u00e9poca como funcionario). Nunca iba a imaginar esto. En febrero de 2019, hab\u00eda asistido con mi esposa y mis hijas a Los \u00c1ngeles. Fuimos de compras y a conocer. En esa ocasi\u00f3n no pas\u00f3 nada. Mi vida cambia radicalmente. Es incre\u00edble la velocidad con la que puede cambiar la vida de una persona. Me sucedi\u00f3. Me indign\u00e9, me molest\u00e9\u201d, relat\u00f3 en la entrevista.<\/p>\n\n\n\n<p>\u201cLes dije que exist\u00eda la posibilidad de que estuvieran equivocados. Me llamaron El Padrino o El Zepeda. Les dije que no ten\u00eda nada que ver. Me dijeron que era c\u00f3mplice de dos delincuentes: El H2 y El H9. Me quitan mi tel\u00e9fono. Me esposaron. Nunca hab\u00eda estado en ning\u00fan problema. Me esposan como un criminal\u201d, detall\u00f3.<\/p>\n\n\n\n<p>Cienfuegos asegur\u00f3 que en su proceso se cometieron muchas faltas, como el no decirle al Gobierno de M\u00e9xico que lo estaban investigando.<\/p>\n\n\n\n<p>\u201cDicen que tres veces nos reunimos el H2 y yo. En una estaba con el presidente de la Rep\u00fablica, en otro estaba en Piedras Negras inaugurando una estatua, en otra est\u00e1bamos en Acapulco con los empresarios de Guerrero. Se cae por tierra su versi\u00f3n\u201d, relat\u00f3.<\/p>\n\n\n\n<p>\u201cEn ning\u00fan momento acept\u00e9 la responsabilidad. Les dije que de ninguna manera. Incluso ellos corrieron el rumor de que yo hab\u00eda pactado cooperar con ellos para dar nombres, puras tonter\u00edas. Esa noticia lleg\u00f3 a M\u00e9xico y preocup\u00f3 a mi familia y pusieron en peligro a mi familia. Sent\u00eda una impotencia por no poder decir nada\u201d, expres\u00f3.<\/p>\n\n\n\n<p>Cienfuegos agradeci\u00f3 al presidente Andr\u00e9s Manuel L\u00f3pez Obrador por intervenir para que lo dejaran volver a M\u00e9xico.<\/p>\n\n\n\n<p>\u201cMe dijeron que para ellos era m\u00e1s importante la relaci\u00f3n con M\u00e9xico que procesar a un general. No dijeron que se equivocaron (las autoridades de Estados Unidos). He esperado una disculpa, pero no ha habido nada de eso\u201d, abund\u00f3.<\/p>\n\n\n\n<p>(Informaci\u00f3n de \u201cExpansi\u00f3n Pol\u00edtica\u201d)<\/p>\n","protected":false},"excerpt":{"rendered":"<p>Redacci\u00f3n\/Zona Roja Cdmx. Ciudad de M\u00e9xico, a 29 de octubre de 2023.- Salvador Cienfuegos Zepeda,&hellip;<\/p>\n","protected":false},"author":2,"featured_media":18864,"comment_status":"closed","ping_status":"open","sticky":false,"template":"","format":"standard","meta":{"_lmt_disableupdate":"","_lmt_disable":"","_jetpack_memberships_contains_paid_content":false,"footnotes":""},"categories":[109,47],"tags":[2108],"class_list":["post-61495","post","type-post","status-publish","format-standard","has-post-thumbnail","hentry","category-minuto-a-minuto","category-zona-gris","tag-salvador-cienfuegos-zepeda"],"jetpack_featured_media_url":"https:\/\/zonaroja.com.mx\/wp-content\/uploads\/2020\/10\/Salvador-Cienfuegos-y-EPN.jpg","jetpack_sharing_enabled":true,"_links":{"self":[{"href":"https:\/\/zonaroja.com.mx\/index.php?rest_route=\/wp\/v2\/posts\/61495","targetHints":{"allow":["GET"]}}],"collection":[{"href":"https:\/\/zonaroja.com.mx\/index.php?rest_route=\/wp\/v2\/posts"}],"about":[{"href":"https:\/\/zonaroja.com.mx\/index.php?rest_route=\/wp\/v2\/types\/post"}],"author":[{"embeddable":true,"href":"https:\/\/zonaroja.com.mx\/index.php?rest_route=\/wp\/v2\/users\/2"}],"replies":[{"embeddable":true,"href":"https:\/\/zonaroja.com.mx\/index.php?rest_route=%2Fwp%2Fv2%2Fcomments&post=61495"}],"version-history":[{"count":1,"href":"https:\/\/zonaroja.com.mx\/index.php?rest_route=\/wp\/v2\/posts\/61495\/revisions"}],"predecessor-version":[{"id":61496,"href":"https:\/\/zonaroja.com.mx\/index.php?rest_route=\/wp\/v2\/posts\/61495\/revisions\/61496"}],"wp:featuredmedia":[{"embeddable":true,"href":"https:\/\/zonaroja.com.mx\/index.php?rest_route=\/wp\/v2\/media\/18864"}],"wp:attachment":[{"href":"https:\/\/zonaroja.com.mx\/index.php?rest_route=%2Fwp%2Fv2%2Fmedia&parent=61495"}],"wp:term":[{"taxonomy":"category","embeddable":true,"href":"https:\/\/zonaroja.com.mx\/index.php?rest_route=%2Fwp%2Fv2%2Fcategories&post=61495"},{"taxonomy":"post_tag","embeddable":true,"href":"https:\/\/zonaroja.com.mx\/index.php?rest_route=%2Fwp%2Fv2%2Ftags&post=61495"}],"curies":[{"name":"wp","href":"https:\/\/api.w.org\/{rel}","templated":true}]}}