{"id":61497,"date":"2023-10-29T08:04:00","date_gmt":"2023-10-29T14:04:00","guid":{"rendered":"http:\/\/www.zonaroja.com.mx\/?p=61497"},"modified":"2023-10-29T08:04:02","modified_gmt":"2023-10-29T14:04:02","slug":"vuelven-crimenes-en-la-ciudad-de-oaxaca-asesinan-a-una-persona","status":"publish","type":"post","link":"https:\/\/zonaroja.com.mx\/?p=61497","title":{"rendered":"Vuelven cr\u00edmenes en la ciudad de Oaxaca; asesinan a una persona"},"content":{"rendered":"\n<p>Ismael Garc\u00eda M.\/Zona Roja.<\/p>\n\n\n\n<p>Oaxaca de Ju\u00e1rez, Oax., a 29 de octubre de 2023.- En v\u00edsperas de las festividades por el D\u00eda de Muertos, una persona del sexo masculino fue asesinada por disparos de arma de fuego, en la ciudad de Oaxaca.<\/p>\n\n\n\n<p>El crimen se perpetr\u00f3 alrededor de las 07:00 horas un costado de la prolongaci\u00f3n de Valerio Trujano, cerca de la Central Camionera de Segunda Clase y de la Central de Abasto, pese a que en la zona hab\u00eda personas realizando labores de limpieza, adem\u00e1s de ubicarse un m\u00f3dulo de seguridad.<\/p>\n\n\n\n<p>Hasta el momento se desconoce cu\u00e1ntas personas perpetraron el asesinato, cometido con arma de fuego.<\/p>\n\n\n\n<p>Personal policiaco arrib\u00f3 al sitio y hall\u00f3 una motoneta, presuntamente del hoy occiso, de aproximadamente 22 a\u00f1os de edad, quien vest\u00eda pantal\u00f3n de mezclilla, playera blanca y sudadera azul.<\/p>\n\n\n\n<p>Al sitio llegaron tambi\u00e9n familiares de la v\u00edctima quienes identificaron el cuerpo, de quien de manera preliminar fue conocido como Eduardo B. H., quien ten\u00eda su domicilio en la agencia de San Mart\u00edn Mexic\u00e1pam.<\/p>\n\n\n\n<p>Cabe destacar que a unos pasos donde se cometi\u00f3 el crimen se realizaba un tequio por parte de ciudadanos; de la misma manera, de acuerdo con el reportero \u00c1lvaro Cuitl\u00e1huac L\u00f3pez, en las cercan\u00edas se hallaba tambi\u00e9n el secretario de Seguridad y Protecci\u00f3n Ciudadana de la capital de Oaxaca, Ra\u00fal \u00c1vila Ibarra.<\/p>\n","protected":false},"excerpt":{"rendered":"<p>Ismael Garc\u00eda M.\/Zona Roja. Oaxaca de Ju\u00e1rez, Oax., a 29 de octubre de 2023.- En&hellip;<\/p>\n","protected":false},"author":2,"featured_media":61498,"comment_status":"closed","ping_status":"open","sticky":false,"template":"","format":"standard","meta":{"_lmt_disableupdate":"","_lmt_disable":"","_jetpack_memberships_contains_paid_content":false,"footnotes":""},"categories":[109,51],"tags":[148],"class_list":["post-61497","post","type-post","status-publish","format-standard","has-post-thumbnail","hentry","category-minuto-a-minuto","category-zona-roja","tag-oaxaca-de-juarez"],"jetpack_featured_media_url":"https:\/\/zonaroja.com.mx\/wp-content\/uploads\/2023\/10\/Asesinado-ciudad-de-Oaxaca-29-octubre.jpg","jetpack_sharing_enabled":true,"_links":{"self":[{"href":"https:\/\/zonaroja.com.mx\/index.php?rest_route=\/wp\/v2\/posts\/61497","targetHints":{"allow":["GET"]}}],"collection":[{"href":"https:\/\/zonaroja.com.mx\/index.php?rest_route=\/wp\/v2\/posts"}],"about":[{"href":"https:\/\/zonaroja.com.mx\/index.php?rest_route=\/wp\/v2\/types\/post"}],"author":[{"embeddable":true,"href":"https:\/\/zonaroja.com.mx\/index.php?rest_route=\/wp\/v2\/users\/2"}],"replies":[{"embeddable":true,"href":"https:\/\/zonaroja.com.mx\/index.php?rest_route=%2Fwp%2Fv2%2Fcomments&post=61497"}],"version-history":[{"count":1,"href":"https:\/\/zonaroja.com.mx\/index.php?rest_route=\/wp\/v2\/posts\/61497\/revisions"}],"predecessor-version":[{"id":61499,"href":"https:\/\/zonaroja.com.mx\/index.php?rest_route=\/wp\/v2\/posts\/61497\/revisions\/61499"}],"wp:featuredmedia":[{"embeddable":true,"href":"https:\/\/zonaroja.com.mx\/index.php?rest_route=\/wp\/v2\/media\/61498"}],"wp:attachment":[{"href":"https:\/\/zonaroja.com.mx\/index.php?rest_route=%2Fwp%2Fv2%2Fmedia&parent=61497"}],"wp:term":[{"taxonomy":"category","embeddable":true,"href":"https:\/\/zonaroja.com.mx\/index.php?rest_route=%2Fwp%2Fv2%2Fcategories&post=61497"},{"taxonomy":"post_tag","embeddable":true,"href":"https:\/\/zonaroja.com.mx\/index.php?rest_route=%2Fwp%2Fv2%2Ftags&post=61497"}],"curies":[{"name":"wp","href":"https:\/\/api.w.org\/{rel}","templated":true}]}}